{"id":11739,"date":"2021-11-10T12:44:39","date_gmt":"2021-11-10T15:44:39","guid":{"rendered":"https:\/\/hostnetart.com.br\/baixada\/consulta-da-funcef-sobre-cnpc-30-termina-nesta-quarta-feira-10\/"},"modified":"2021-11-10T12:44:39","modified_gmt":"2021-11-10T15:44:39","slug":"consulta-da-funcef-sobre-cnpc-30-termina-nesta-quarta-feira-10","status":"publish","type":"post","link":"https:\/\/hostnetart.com.br\/baixada\/consulta-da-funcef-sobre-cnpc-30-termina-nesta-quarta-feira-10\/","title":{"rendered":"Consulta da Funcef sobre CNPC 30 termina nesta quarta-feira (10)"},"content":{"rendered":"<p>Termina nesta quarta-feira (10), a consulta da Funda\u00e7\u00e3o dos Economi\u00e1rios Federais (Funcef) aos participantes do plano REG\/Replan para identificar o interesse no alongamento do prazo de pagamento dos equacionamentos \u2013 uma possibilidade estabelecida na Resolu\u00e7\u00e3o n\u00ba 30\/2018 do Conselho Nacional de Previd\u00eancia Complementar (CNPC). A consulta come\u00e7ou no dia 1\u00ba de novembro e segue at\u00e9 \u00e0s 18h desta quarta-feira, 10\/11.<\/p>\n<p><a href=\"https:\/\/www.fenae.org.br\/portal\/fenae-portal\/apos-cobranca-das-entidades-e-dos-participantes-funcef-inicia-consulta-sobre-cnpc-30.htm\" target=\"_blank\" rel=\"noopener noreferrer\">Ap\u00f3s tr\u00eas anos de cobran\u00e7a da Federa\u00e7\u00e3o<\/a>\u00a0Nacional das Associa\u00e7\u00f5es do Pessoal da Caixa Econ\u00f4mica Federal (Fenae) e entidades representativas, a Funcef abriu a consulta aos participantes do REG\/Replan para saber se s\u00e3o favor\u00e1veis ou n\u00e3o \u00e0 aplica\u00e7\u00e3o da Resolu\u00e7\u00e3o 30.<\/p>\n<p>Segundo o presidente da Fenae, Sergio Takemoto, desde 2018 as entidades representativas do movimento dos trabalhadores da Caixa defendem a consulta aos participantes sobre o alongamento do prazo para pagar o equacionamento. \u201cMesmo com pouco tempo para opinarmos, \u00e9 muito importante a manifesta\u00e7\u00e3o dos participantes. Pois, mostraremos \u00e0 Funcef como ansiamos por definir a forma de gest\u00e3o e o destino dos nossos planos, n\u00e3o apenas no caso do equacionamento, mas em todas as decis\u00f5es que nos afetem coletivamente\u201d, afirmou.<\/p>\n<p>De acordo com a diretora de Sa\u00fade e Previd\u00eancia da Fenae, Fabiana Matheus, consultar os participantes deveria ser uma pr\u00e1tica permanente da dire\u00e7\u00e3o da Funcef. Por conta dos v\u00e1rios questionamentos que o tema vem causando aos participantes, a Fenae realizou lives, bate-papos e elaborou um\u00a0<a href=\"https:\/\/www.fenae.org.br\/portal\/fenae-portal\/perguntas-e-respostas-sobre-a-consulta-da-cnpc-30.htm\" target=\"_blank\" rel=\"noopener noreferrer\">documento com as principais perguntas e respostas<\/a>, a fim de sanar as d\u00favidas sobre o assunto.<\/p>\n<h3><strong>Quem pode votar?<\/strong><\/h3>\n<p>Podem votar participantes ativos, aposentados e pensionistas do REG\/Replan maiores de 18 anos e com situa\u00e7\u00e3o ativa no plano.<\/p>\n<p><strong>Fonte:<\/strong>\u00a0<a href=\"https:\/\/www.fenae.org.br\/portal\/fenae-portal\/consulta-da-funcef-sobre-a-aplicacao-da-cnpc-30-aos-participantes-do-reg-replan-termina-nesta-quarta-feira-10.htm\" target=\"_blank\" rel=\"noopener noreferrer\">Fenae<\/a><\/p>\n","protected":false},"excerpt":{"rendered":"<p>Termina nesta quarta-feira (10), a consulta da Funda\u00e7\u00e3o dos Economi\u00e1rios Federais (Funcef) aos participantes do plano REG\/Replan para identificar o interesse no alongamento do prazo de pagamento dos equacionamentos \u2013 uma possibilidade estabelecida na Resolu\u00e7\u00e3o n\u00ba 30\/2018 do Conselho Nacional de Previd\u00eancia Complementar (CNPC). A consulta come\u00e7ou no dia 1\u00ba de novembro e segue at\u00e9 [&hellip;]<\/p>\n","protected":false},"author":2,"featured_media":11738,"comment_status":"","ping_status":"","sticky":false,"template":"","format":"standard","meta":{"footnotes":""},"categories":[3],"tags":[],"class_list":["post-11739","post","type-post","status-publish","format-standard","has-post-thumbnail","hentry","category-noticias"],"_links":{"self":[{"href":"https:\/\/hostnetart.com.br\/baixada\/wp-json\/wp\/v2\/posts\/11739","targetHints":{"allow":["GET"]}}],"collection":[{"href":"https:\/\/hostnetart.com.br\/baixada\/wp-json\/wp\/v2\/posts"}],"about":[{"href":"https:\/\/hostnetart.com.br\/baixada\/wp-json\/wp\/v2\/types\/post"}],"author":[{"embeddable":true,"href":"https:\/\/hostnetart.com.br\/baixada\/wp-json\/wp\/v2\/users\/2"}],"replies":[{"embeddable":true,"href":"https:\/\/hostnetart.com.br\/baixada\/wp-json\/wp\/v2\/comments?post=11739"}],"version-history":[{"count":0,"href":"https:\/\/hostnetart.com.br\/baixada\/wp-json\/wp\/v2\/posts\/11739\/revisions"}],"wp:featuredmedia":[{"embeddable":true,"href":"https:\/\/hostnetart.com.br\/baixada\/wp-json\/wp\/v2\/media\/11738"}],"wp:attachment":[{"href":"https:\/\/hostnetart.com.br\/baixada\/wp-json\/wp\/v2\/media?parent=11739"}],"wp:term":[{"taxonomy":"category","embeddable":true,"href":"https:\/\/hostnetart.com.br\/baixada\/wp-json\/wp\/v2\/categories?post=11739"},{"taxonomy":"post_tag","embeddable":true,"href":"https:\/\/hostnetart.com.br\/baixada\/wp-json\/wp\/v2\/tags?post=11739"}],"curies":[{"name":"wp","href":"https:\/\/api.w.org\/{rel}","templated":true}]}}