{"id":11737,"date":"2021-11-09T18:07:31","date_gmt":"2021-11-09T21:07:31","guid":{"rendered":"https:\/\/hostnetart.com.br\/baixada\/caixa-nao-contratou-metade-dos-empregados-prometidos-pela-direcao-do-banco\/"},"modified":"2021-11-09T18:07:31","modified_gmt":"2021-11-09T21:07:31","slug":"caixa-nao-contratou-metade-dos-empregados-prometidos-pela-direcao-do-banco","status":"publish","type":"post","link":"https:\/\/hostnetart.com.br\/baixada\/caixa-nao-contratou-metade-dos-empregados-prometidos-pela-direcao-do-banco\/","title":{"rendered":"Caixa n\u00e3o contratou metade dos empregados prometidos pela dire\u00e7\u00e3o do banco"},"content":{"rendered":"<p>Passados quatro meses da promessa do presidente da Caixa, Pedro Guimaraes de\u00a0<a href=\"https:\/\/contrafcut.com.br\/noticias\/depois-de-pressao-dos-empregados-caixa-anuncia-novas-contratacoes\" target=\"_blank\" rel=\"noopener noreferrer\">contratar mais 4 mil empregados<\/a>, o ritmo das contrata\u00e7\u00f5es segue lento, enquanto nas ag\u00eancias os trabalhadores enfrentam sobrecarga de trabalho e adoecimento. N\u00fameros levantados pela Federa\u00e7\u00e3o Nacional das Associa\u00e7\u00f5es do Pessoal da Caixa (Fenae) indicam que a dire\u00e7\u00e3o da empresa n\u00e3o admitiu nem metade do que foi anunciado.<\/p>\n<p>Em agosto, a Secretaria de Coordena\u00e7\u00e3o e Governan\u00e7a das Empresas Estatais (Sest)\u00a0<a href=\"https:\/\/contrafcut.com.br\/noticias\/caixa-e-autorizada-a-contratar-novos-empregados\/\" target=\"_blank\" rel=\"noopener noreferrer\">autorizou o banco p\u00fablico a contratar mais 3 mil funcion\u00e1rios<\/a>, ampliando seu quadro de pessoal para 87.544. Conforme dados de outubro, a Caixa contava com 85.772 mil funcion\u00e1rios. Isso representa 1.772 a menos do total autorizado.<\/p>\n<p>Pedro Guimar\u00e3es alardeou na imprensa, em julho, que o banco abriria 10 mil novas vagas de trabalho, entre concursados, recepcionistas, vigilantes, estagi\u00e1rios e adolescentes aprendizes. Desse total, 3 mil seriam destinados aos aprovados no concurso p\u00fablico de 2014 e outros mil para Pessoas com Defici\u00eancia (PCDs). Ainda em 2019, em entrevista ao Correio da Para\u00edba, Guimar\u00e3es afirmou que contrataria todos os concursados. At\u00e9 o momento, nenhuma as promessas foi cumpridas.<\/p>\n<p>No dia 31 de outubro, a Caixa realizou concurso p\u00fablico para preenchimento de 1.100 vagas para PCDs, sendo mil imediatas e 100 para o cadastro de reserva. O resultado est\u00e1 previsto para sair em dezembro.<\/p>\n<p>\u201cO quadro de pessoal da Caixa vem sofrendo uma grande redu\u00e7\u00e3o ao longo dos anos, com um d\u00e9ficit de, aproximadamente, 20 mil banc\u00e1rios, ao mesmo tempo em que h\u00e1 aumento do n\u00famero de clientes. O concurso para PCDs \u00e9 uma medida positiva e exigida por lei, mas insuficiente. \u00c9 preciso que as contrata\u00e7\u00f5es de concursados tamb\u00e9m sejam efetivamente realizadas e de forma c\u00e9lere, sob o risco de se comprometer a assist\u00eancia \u00e0 popula\u00e7\u00e3o\u201d, destacou o presidente da Fenae, Sergio Takemoto.<\/p>\n<p><strong>Fonte:<\/strong>\u00a0<a href=\"https:\/\/www.fenae.org.br\/portal\/fenae-portal\/caixa-nao-contratou-metade-dos-empregados-prometidos-pela-direcao-do-banco.htm\" target=\"_blank\" rel=\"noopener noreferrer\">Fenae<\/a>, <strong>com edi\u00e7\u00f5es da Contraf-CUT<\/strong><\/p>\n<p>\u00a0<\/p>\n<p>\u00a0<\/p>\n","protected":false},"excerpt":{"rendered":"<p>Passados quatro meses da promessa do presidente da Caixa, Pedro Guimaraes de\u00a0contratar mais 4 mil empregados, o ritmo das contrata\u00e7\u00f5es segue lento, enquanto nas ag\u00eancias os trabalhadores enfrentam sobrecarga de trabalho e adoecimento. N\u00fameros levantados pela Federa\u00e7\u00e3o Nacional das Associa\u00e7\u00f5es do Pessoal da Caixa (Fenae) indicam que a dire\u00e7\u00e3o da empresa n\u00e3o admitiu nem metade [&hellip;]<\/p>\n","protected":false},"author":2,"featured_media":11736,"comment_status":"","ping_status":"","sticky":false,"template":"","format":"standard","meta":{"footnotes":""},"categories":[3],"tags":[],"class_list":["post-11737","post","type-post","status-publish","format-standard","has-post-thumbnail","hentry","category-noticias"],"_links":{"self":[{"href":"https:\/\/hostnetart.com.br\/baixada\/wp-json\/wp\/v2\/posts\/11737","targetHints":{"allow":["GET"]}}],"collection":[{"href":"https:\/\/hostnetart.com.br\/baixada\/wp-json\/wp\/v2\/posts"}],"about":[{"href":"https:\/\/hostnetart.com.br\/baixada\/wp-json\/wp\/v2\/types\/post"}],"author":[{"embeddable":true,"href":"https:\/\/hostnetart.com.br\/baixada\/wp-json\/wp\/v2\/users\/2"}],"replies":[{"embeddable":true,"href":"https:\/\/hostnetart.com.br\/baixada\/wp-json\/wp\/v2\/comments?post=11737"}],"version-history":[{"count":0,"href":"https:\/\/hostnetart.com.br\/baixada\/wp-json\/wp\/v2\/posts\/11737\/revisions"}],"wp:featuredmedia":[{"embeddable":true,"href":"https:\/\/hostnetart.com.br\/baixada\/wp-json\/wp\/v2\/media\/11736"}],"wp:attachment":[{"href":"https:\/\/hostnetart.com.br\/baixada\/wp-json\/wp\/v2\/media?parent=11737"}],"wp:term":[{"taxonomy":"category","embeddable":true,"href":"https:\/\/hostnetart.com.br\/baixada\/wp-json\/wp\/v2\/categories?post=11737"},{"taxonomy":"post_tag","embeddable":true,"href":"https:\/\/hostnetart.com.br\/baixada\/wp-json\/wp\/v2\/tags?post=11737"}],"curies":[{"name":"wp","href":"https:\/\/api.w.org\/{rel}","templated":true}]}}