{"id":11735,"date":"2021-11-09T18:04:15","date_gmt":"2021-11-09T21:04:15","guid":{"rendered":"https:\/\/hostnetart.com.br\/baixada\/vi-forum-nacional-pela-visibilidade-negra-no-sistema-abre-as-inscricoes\/"},"modified":"2021-11-09T18:04:15","modified_gmt":"2021-11-09T21:04:15","slug":"vi-forum-nacional-pela-visibilidade-negra-no-sistema-abre-as-inscricoes","status":"publish","type":"post","link":"https:\/\/hostnetart.com.br\/baixada\/vi-forum-nacional-pela-visibilidade-negra-no-sistema-abre-as-inscricoes\/","title":{"rendered":"VI F\u00f3rum Nacional Pela Visibilidade Negra no Sistema abre as inscri\u00e7\u00f5es"},"content":{"rendered":"<p>J\u00e1 est\u00e3o abertas as inscri\u00e7\u00f5es para o VI F\u00f3rum Nacional Pela Visibilidade Negra no Sistema, que ser\u00e1 realizado no dia 23 de novembro de 2021, de forma online. Ao todo, s\u00e3o 400 vagas. As inscri\u00e7\u00f5es poder\u00e3o ser efetivadas at\u00e9 o dia 22 de novembro\u00a0<a href=\"https:\/\/us06web.zoom.us\/meeting\/register\/tZcrf-ysrzItHNCGLy9nLSV1zm0Cc2GCfHKA\" target=\"_blank\" rel=\"noopener noreferrer\">neste link<\/a>\u00a0e, ap\u00f3s confirmadas, o (a) participante receber\u00e1, por e-mail, o acesso ao evento.<\/p>\n<p>O encontro, organizado pela Confedera\u00e7\u00e3o Nacional dos Trabalhadores do Ramo Financeiro (Contraf-CUT), \u00e9 dirigido aos dirigentes sindicais e \u00e0s assessorias respons\u00e1veis pelas Secretarias de Pol\u00edticas Sociais dos Sindicatos e das Federa\u00e7\u00f5es.<\/p>\n<p>\u201cEstamos realizando o VI F\u00f3rum Nacional Pela Visibilidade Negra no Sistema Financeiro para debater o racismo na sociedade e seus reflexos no mercado de trabalho. Nosso interesse \u00e9 fortalecer o debate do tema do combate ao racismo e discutir formas de atua\u00e7\u00e3o sindical para ampliar o n\u00famero de negras e negros na categoria banc\u00e1ria e lutar com o movimento negro para que todos os trabalhadores dos mais diversos seguimentos tenham oportunidade, de acesso e sal\u00e1rio justo. Chega de racismo no trabalho e na vida\u201d, afirmou Almir Aguiar secret\u00e1rio de Combate ao Racismo da Contraf-CUT.<\/p>\n<p>\u201cVivemos hoje numa conjuntura absurda, no qual o racismo tem se propagados todos os dias, seja na viol\u00eancia policial, agress\u00f5es verbais e muito forte no mercado de trabalho. Onde a popula\u00e7\u00e3o negra tem sido discriminada no acesso ao mercado mais qualificado, no sistema financeiro, o II Censo da Diversidade realizado em 2014, mostrou que, que somente 24,7% dos trabalhadores nos bancos brasileiros s\u00e3o negros. E com certeza a cor da pele \u00e9 um impeditivo para ascens\u00e3o profissional. \u00c9 necess\u00e1rio que os bancos deixem seus preconceitos de lado e realmente promova a inclus\u00e3o, saindo do discurso para a pr\u00e1tica\u201d, completou Almir Aguiar.?<\/p>\n<p>Veja a programa\u00e7\u00e3o completa do F\u00f3rum:<\/p>\n<p><strong>9h30 \u2013 Abertura<\/strong><\/p>\n<p><em>AN\u00c1LISE DE CONJUNTURA HIST\u00d3RICA DAS RELA\u00c7\u00d5ES RACIAIS NO BRASIL, DIREITOS E PERSPECTIVAS<\/em><\/p>\n<p><strong>10h30<\/strong>\u00a0\u2013\u00a0<em>\u201cO resgate do trabalho escravo, desde o sequestro dos irm\u00e3os negros na \u00c1frica at\u00e9 o fim do s\u00e9culo XIX\u201d<\/em><\/p>\n<p>Ramatis Jacino<\/p>\n<p><strong>11h05<\/strong>\u00a0\u2013<em>\u00a0\u201cGenoc\u00eddio da popula\u00e7\u00e3o negra e suas rela\u00e7\u00f5es hist\u00f3ricas\u201d<\/em><\/p>\n<p>Tamires Sampaio<\/p>\n<p><strong>12h \u2013 Debate<\/strong><\/p>\n<p><strong>13h \u2013 Intervalo para Almo\u00e7o<\/strong><\/p>\n<p><strong>PARTICIPA\u00c7\u00c3O DOS NEGROS NO MERCADO DE TRABALHO E POL\u00cdTICAS DE COMBATE AO RACISMO<\/strong><\/p>\n<p><strong>14h<\/strong>\u00a0\u2013\u00a0<em>\u201cA quest\u00e3o racial no mercado de trabalho e no setor banc\u00e1rio\u201d<\/em><\/p>\n<p>N\u00e1dia Vieira<\/p>\n<p><strong>14h25<\/strong>\u00a0\u2013\u00a0<em>\u201cConquistas hist\u00f3ricas, a\u00e7\u00f5es afirmativas na luta contra o racismo na vida e no trabalho\u201d<\/em><\/p>\n<p>Gabriel Sampaio<\/p>\n<p><strong>14h55 \u2013\u00a0<\/strong><em><strong>\u201c<\/strong>Educa\u00e7\u00e3o como mecanismo de mobilidade econ\u00f4mica no mercado de trabalho\u201d<\/em><\/p>\n<p>Anatalina Louren\u00e7o<\/p>\n<p><strong>EMPODERAMENTO DA MULHER NEGRA E VIOL\u00caNCIA NA PANDEMIA<\/strong><\/p>\n<p><strong>15h40<\/strong>\u00a0\u2013 \u201c<em>Empoderamento das mulheres negras e viol\u00eancia na pandemia\u201d<\/em><\/p>\n<p>Major Denice<\/p>\n<p><strong>16h05<\/strong>\u00a0\u2013\u00a0<em>\u201cA import\u00e2ncia do ativismo pol\u00edtico das mulheres negras\u201d<\/em><\/p>\n<p>Ana Cruz<\/p>\n<p><strong>16h30 \u2013\u00a0<\/strong><em><strong>\u201c<\/strong>Cria\u00e7\u00f5es Imagin\u00e9ticas: Narrativas reais na pandemia\u201d<\/em><\/p>\n<p>Giorgia Prates<\/p>\n<p><strong>17h25 \u2013 Encerramento<\/strong><\/p>\n<p><strong>Fonte: Contraf-CUT<\/strong><\/p>\n","protected":false},"excerpt":{"rendered":"<p>J\u00e1 est\u00e3o abertas as inscri\u00e7\u00f5es para o VI F\u00f3rum Nacional Pela Visibilidade Negra no Sistema, que ser\u00e1 realizado no dia 23 de novembro de 2021, de forma online. Ao todo, s\u00e3o 400 vagas. As inscri\u00e7\u00f5es poder\u00e3o ser efetivadas at\u00e9 o dia 22 de novembro\u00a0neste link\u00a0e, ap\u00f3s confirmadas, o (a) participante receber\u00e1, por e-mail, o acesso [&hellip;]<\/p>\n","protected":false},"author":2,"featured_media":11734,"comment_status":"","ping_status":"","sticky":false,"template":"","format":"standard","meta":{"footnotes":""},"categories":[3],"tags":[],"class_list":["post-11735","post","type-post","status-publish","format-standard","has-post-thumbnail","hentry","category-noticias"],"_links":{"self":[{"href":"https:\/\/hostnetart.com.br\/baixada\/wp-json\/wp\/v2\/posts\/11735","targetHints":{"allow":["GET"]}}],"collection":[{"href":"https:\/\/hostnetart.com.br\/baixada\/wp-json\/wp\/v2\/posts"}],"about":[{"href":"https:\/\/hostnetart.com.br\/baixada\/wp-json\/wp\/v2\/types\/post"}],"author":[{"embeddable":true,"href":"https:\/\/hostnetart.com.br\/baixada\/wp-json\/wp\/v2\/users\/2"}],"replies":[{"embeddable":true,"href":"https:\/\/hostnetart.com.br\/baixada\/wp-json\/wp\/v2\/comments?post=11735"}],"version-history":[{"count":0,"href":"https:\/\/hostnetart.com.br\/baixada\/wp-json\/wp\/v2\/posts\/11735\/revisions"}],"wp:featuredmedia":[{"embeddable":true,"href":"https:\/\/hostnetart.com.br\/baixada\/wp-json\/wp\/v2\/media\/11734"}],"wp:attachment":[{"href":"https:\/\/hostnetart.com.br\/baixada\/wp-json\/wp\/v2\/media?parent=11735"}],"wp:term":[{"taxonomy":"category","embeddable":true,"href":"https:\/\/hostnetart.com.br\/baixada\/wp-json\/wp\/v2\/categories?post=11735"},{"taxonomy":"post_tag","embeddable":true,"href":"https:\/\/hostnetart.com.br\/baixada\/wp-json\/wp\/v2\/tags?post=11735"}],"curies":[{"name":"wp","href":"https:\/\/api.w.org\/{rel}","templated":true}]}}