{"id":11733,"date":"2021-11-09T15:37:06","date_gmt":"2021-11-09T18:37:06","guid":{"rendered":"https:\/\/hostnetart.com.br\/baixada\/vagas-em-ti-e-contratacoes-pela-caixa-inflam-saldo-de-emprego-bancario\/"},"modified":"2021-11-09T15:37:06","modified_gmt":"2021-11-09T18:37:06","slug":"vagas-em-ti-e-contratacoes-pela-caixa-inflam-saldo-de-emprego-bancario","status":"publish","type":"post","link":"https:\/\/hostnetart.com.br\/baixada\/vagas-em-ti-e-contratacoes-pela-caixa-inflam-saldo-de-emprego-bancario\/","title":{"rendered":"Vagas em TI e contrata\u00e7\u00f5es pela Caixa \u201cinflam\u201d saldo de emprego banc\u00e1rio"},"content":{"rendered":"<p>Uma an\u00e1lise setorizada elaborada pelo Departamento Intersindical de Estat\u00edstica e Estudos Socioecon\u00f4micos (Dieese) mostra que, de abril a setembro de 2021, o setor banc\u00e1rio vem apresentando saldo positivo na trajet\u00f3ria de emprego formal. Ou seja, os bancos t\u00eam contratado mais do que demitido. No acumulado do ano, h\u00e1 um saldo positivo de 2.751 postos de trabalho no setor.<\/p>\n<p>\u201c\u00c9 uma boa not\u00edcia a de que houve saldo positivo de vagas no setor banc\u00e1rio nos nove primeiros meses de 2021, mas, se ampliarmos o per\u00edodo da an\u00e1lise para 12 meses, veremos que houve uma redu\u00e7\u00e3o de 6,7 mil postos de trabalho banc\u00e1rio em um ano. Temos que comemorar a revers\u00e3o do quadro, mas ainda n\u00e3o se pode soltar fogos\u201d, observou o secret\u00e1rio de Assuntos Socioecon\u00f4micos da Confedera\u00e7\u00e3o Nacional dos Trabalhadores do Ramo Financeiro (Contraf-CUT), Mario Raia. \u201cSe n\u00e3o fizermos essa an\u00e1lise mais ampla correremos o risco de deixar passar aspectos que mostram que tal crescimento ocorre por quest\u00f5es pontuais\u201d, completou.<\/p>\n<h3><strong>Digitaliza\u00e7\u00e3o e contrata\u00e7\u00f5es da Caixa<\/strong><\/h3>\n<p>Segundo Mario Raia, o saldo positivo no emprego banc\u00e1rio constatado pelo Dieese na an\u00e1lise do Caged at\u00e9 setembro se deve, principalmente, devido \u00e0s contrata\u00e7\u00f5es realizadas pela Caixa Econ\u00f4mica Federal por press\u00e3o do movimento sindical e\u00a0<a href=\"https:\/\/contrafcut.com.br\/noticias\/fenae-e-contraf-cut-entram-com-embargos-declaratorios-na-acao-civil-publica-do-concurso-de-2014\" target=\"_blank\" rel=\"noopener noreferrer\">determina\u00e7\u00e3o da Justi\u00e7a<\/a>. Outro motivo \u00e9 a segmenta\u00e7\u00e3o das contrata\u00e7\u00f5es na \u00e1rea de tecnologia da informa\u00e7\u00e3o (TI) entre os bancos de carteira m\u00faltipla, onde est\u00e3o os grandes bancos privados (Ita\u00fa, Bradesco e Santander) e o Banco do Brasil, em consequ\u00eancia do acelerado processo de digitaliza\u00e7\u00e3o dos atendimentos.<\/p>\n<p>Em setembro foram realizadas 4.365 admiss\u00f5es e 3.116 desligamentos, o saldo ficou positivo em 1.249 vagas. Foram 692 contrata\u00e7\u00f5es pela Caixa e 556 pelos \u201cBancos M\u00faltiplos com Carteira Comercial\u201d. Destas 556 contrata\u00e7\u00f5es, 298 s\u00e3o ligadas diretamente \u00e0 \u00c1rea de TI (a fun\u00e7\u00e3o de \u201cAnalista de Desenvolvimento de Sistemas\u201d foi a que obteve maior saldo positivo com a cria\u00e7\u00e3o de 261 vagas).<\/p>\n<p>A coordenadora da Comiss\u00e3o Executiva dos Empregados (CEE) da Caixa, Fabiana Uehara Proscholdt, que \u00e9 secret\u00e1ria de Cultura da Contraf-CUT, ressaltou que as contrata\u00e7\u00f5es realizadas pelo banco s\u00e3o uma luta antiga do movimento sindical. \u201cOs empregados est\u00e3o extremamente sobrecarregados. Reivindicamos as contrata\u00e7\u00f5es para melhorar as condi\u00e7\u00f5es de trabalho e tamb\u00e9m para ajudar na melhora do atendimento \u00e0 popula\u00e7\u00e3o. A Caixa somente realizou estas contrata\u00e7\u00f5es por ter sido for\u00e7ada, mas, mesmo assim, elas est\u00e3o aqu\u00e9m do necess\u00e1rio\u201d, disse. \u201cConseguimos na Justi\u00e7a a manuten\u00e7\u00e3o da validade do concurso e temos milhares de aprovados aguardando serem chamados. E o Pedro Guimar\u00e3es (presidente da Caixa), que foi for\u00e7ado a contratar, quer se autopromover dizendo que est\u00e1 contratando para melhorar o atendimento \u00e0 popula\u00e7\u00e3o. A verdade \u00e9 que s\u00f3 contratou por ter sido for\u00e7ado\u201d, completou.<\/p>\n<h3><strong>Recorte de g\u00eanero<\/strong><\/h3>\n<p>Outro ponto a ser destacado na an\u00e1lise feita pelo Dieese \u00e9 com rela\u00e7\u00e3o \u00e0 distribui\u00e7\u00e3o de g\u00eanero na movimenta\u00e7\u00e3o do emprego banc\u00e1rio. A contrata\u00e7\u00e3o de mulheres, no m\u00eas de setembro, foi 14,3% menor do que a de homens. Foram contratados 791 homens e 488 mulheres.<\/p>\n<h3><strong>Achatamento salarial<\/strong><\/h3>\n<p>J\u00e1 em rela\u00e7\u00e3o \u00e0s faixas et\u00e1rias, \u00e9 poss\u00edvel observar saldo positivo entre as primeiras faixas, at\u00e9 39 anos, com aumento de 1.519 vagas e para as faixas et\u00e1rias acima dos 40 anos, foi notado movimento contr\u00e1rio, com o fechamento de 270 vagas.<\/p>\n<p>\u201cEsta \u00e9 uma pr\u00e1tica que j\u00e1 vem sendo observada faz bastante tempo e n\u00e3o \u00e9 exclusividade da categoria banc\u00e1ria. Os bancos e as empresas de uma forma geral demitem funcion\u00e1rios com mais idade e experi\u00eancia e contratam novos funcion\u00e1rios, com sal\u00e1rios mais baixos. A consequ\u00eancia \u00e9 o achatamento salarial da categoria e o aumento do lucro dos empregadores\u201d, explicou.<\/p>\n<p>O sal\u00e1rio mensal m\u00e9dio de um banc\u00e1rio admitido em setembro corresponde a 92,9% do sal\u00e1rio m\u00e9dio mensal do demitido.<\/p>\n<h3><strong>Recorte geogr\u00e1fico<\/strong><\/h3>\n<p>No que diz respeito ao recorte geogr\u00e1fico da Caged de Setembro, verifica-se abertura de postos de trabalho em praticamente todos os estados da federa\u00e7\u00e3o, exceto em Roraima, Rio Grande do Sul e Distrito Federal. O estado de S\u00e3o Paulo segue com saldo favor\u00e1vel. Em setembro foram abertas 735 novas vagas no estado, sendo 255 vagas exclusivas na \u00e1rea de tecnologia da informa\u00e7\u00e3o. Em todo o ano, foram abertas 1.690 novas vagas no estado, consequ\u00eancia da abertura de 2.224 postos em ocupa\u00e7\u00f5es de tecnologia contra o fechamento de 534 postos de \u00e1reas diversas.<\/p>\n<p><strong>Leia a\u00a0<a href=\"https:\/\/contrafcut.com.br\/wp-content\/uploads\/2021\/11\/peb-novembro-2021.pdf\" target=\"_blank\" rel=\"noopener noreferrer\">\u00edntegra da an\u00e1lise<\/a>\u00a0do Dieese.<\/strong><\/p>\n","protected":false},"excerpt":{"rendered":"<p>Uma an\u00e1lise setorizada elaborada pelo Departamento Intersindical de Estat\u00edstica e Estudos Socioecon\u00f4micos (Dieese) mostra que, de abril a setembro de 2021, o setor banc\u00e1rio vem apresentando saldo positivo na trajet\u00f3ria de emprego formal. Ou seja, os bancos t\u00eam contratado mais do que demitido. No acumulado do ano, h\u00e1 um saldo positivo de 2.751 postos de [&hellip;]<\/p>\n","protected":false},"author":2,"featured_media":11732,"comment_status":"","ping_status":"","sticky":false,"template":"","format":"standard","meta":{"footnotes":""},"categories":[3],"tags":[],"class_list":["post-11733","post","type-post","status-publish","format-standard","has-post-thumbnail","hentry","category-noticias"],"_links":{"self":[{"href":"https:\/\/hostnetart.com.br\/baixada\/wp-json\/wp\/v2\/posts\/11733","targetHints":{"allow":["GET"]}}],"collection":[{"href":"https:\/\/hostnetart.com.br\/baixada\/wp-json\/wp\/v2\/posts"}],"about":[{"href":"https:\/\/hostnetart.com.br\/baixada\/wp-json\/wp\/v2\/types\/post"}],"author":[{"embeddable":true,"href":"https:\/\/hostnetart.com.br\/baixada\/wp-json\/wp\/v2\/users\/2"}],"replies":[{"embeddable":true,"href":"https:\/\/hostnetart.com.br\/baixada\/wp-json\/wp\/v2\/comments?post=11733"}],"version-history":[{"count":0,"href":"https:\/\/hostnetart.com.br\/baixada\/wp-json\/wp\/v2\/posts\/11733\/revisions"}],"wp:featuredmedia":[{"embeddable":true,"href":"https:\/\/hostnetart.com.br\/baixada\/wp-json\/wp\/v2\/media\/11732"}],"wp:attachment":[{"href":"https:\/\/hostnetart.com.br\/baixada\/wp-json\/wp\/v2\/media?parent=11733"}],"wp:term":[{"taxonomy":"category","embeddable":true,"href":"https:\/\/hostnetart.com.br\/baixada\/wp-json\/wp\/v2\/categories?post=11733"},{"taxonomy":"post_tag","embeddable":true,"href":"https:\/\/hostnetart.com.br\/baixada\/wp-json\/wp\/v2\/tags?post=11733"}],"curies":[{"name":"wp","href":"https:\/\/api.w.org\/{rel}","templated":true}]}}