{"id":11729,"date":"2021-11-09T14:46:16","date_gmt":"2021-11-09T17:46:16","guid":{"rendered":"https:\/\/hostnetart.com.br\/baixada\/como-tecnologias-digitais-ajudam-ricos-a-ficarem-mais-ricos-e-aumentam-a-exploracao-do-trabalho\/"},"modified":"2021-11-09T14:46:16","modified_gmt":"2021-11-09T17:46:16","slug":"como-tecnologias-digitais-ajudam-ricos-a-ficarem-mais-ricos-e-aumentam-a-exploracao-do-trabalho","status":"publish","type":"post","link":"https:\/\/hostnetart.com.br\/baixada\/como-tecnologias-digitais-ajudam-ricos-a-ficarem-mais-ricos-e-aumentam-a-exploracao-do-trabalho\/","title":{"rendered":"Como tecnologias digitais ajudam ricos a ficarem mais ricos e aumentam a explora\u00e7\u00e3o do trabalho"},"content":{"rendered":"<p>Embora as tecnologias digitais sejam celebradas como motor de mudan\u00e7a e solu\u00e7\u00e3o de problemas (at\u00e9 mesmo estruturais) da sociedade, n\u00e3o \u00e9 poss\u00edvel negar o papel consider\u00e1vel que elas exercem no refor\u00e7o de opress\u00f5es e desigualdades.<\/p>\n<p>Essa rela\u00e7\u00e3o direta \u00e9 tema de an\u00e1lise no\u00a0<a href=\"https:\/\/thetricontinental.org\/pt-pt\/dossier-46-big-tech\/\" target=\"_blank\" rel=\"noopener noreferrer\">dossi\u00ea 46 do\u00a0Instituto Tricontinental de Pesquisa Social<\/a>. Com o t\u00edtulo\u00a0<em>Big Techs e os desafios atuais para a luta de classes<\/em>, o documento parte do princ\u00edpio de que as ferramentas digitais presentes no cotidiano s\u00e3o &#8220;mais uma pe\u00e7a&#8221; na engrenagem do capitalismo.<\/p>\n<p>&#8220;A sociedade capitalista frequentemente produz conhecimentos, t\u00e9cnicas e tecnologias que expressam sua pr\u00f3pria natureza e suas contradi\u00e7\u00f5es. Apropria-se do que existe e busca moldar a realidade para satisfazer suas din\u00e2micas&#8221;, diz o texto.<\/p>\n<p>O dossi\u00ea \u00e9 fruto do\u00a0Semin\u00e1rio Tecnologias Digitais e Luta de Classes,\u00a0do Movimento dos Trabalhadores Rurais Sem Terra (MST). Carolina Cruz, que atua no setor de Tecnologia da Informa\u00e7\u00e3o do MST e participou da produ\u00e7\u00e3o do documento, afirma que o objetivo \u00e9 entender os fen\u00f4menos a partir da perspectiva das lutas sociais.<\/p>\n<p>&#8220;A gente parte da compreens\u00e3o de que as tecnologias s\u00e3o fruto do seu tempo. S\u00e3o produzidas por pessoas e expressam as rela\u00e7\u00f5es, a cultura de um tempo e a forma predominante em que essa sociedade se organiza. A gente vive em um tempo em que a forma predominante \u00e9 o modo capitalista&#8221;.<\/p>\n<p>Esse \u00e9 o ponto central da an\u00e1lise, que demonstra em exemplos como a precariza\u00e7\u00e3o do trabalho, a inseguran\u00e7a alimentar, a vigil\u00e2ncia social e a concentra\u00e7\u00e3o de renda, informa\u00e7\u00e3o e poder continuam intactas, a despeito de todos os benef\u00edcios\u00a0prometidos pelas novidades tecnol\u00f3gicas.<\/p>\n<p>&#8220;As rela\u00e7\u00f5es s\u00e3o dominadas pela l\u00f3gica de acumular cada vez mais capital,\u00a0mais do que satisfazer as nossas\u00a0necessidades e criar melhores condi\u00e7\u00f5es de vida para a popula\u00e7\u00e3o. O que nos leva a absurdos como os recordes de exporta\u00e7\u00e3o do agroneg\u00f3cio brasileiro em um momento em que a fome volta a assolar o pa\u00eds&#8221;.<\/p>\n<p>O dossi\u00ea\u00a0avalia as rela\u00e7\u00f5es entre gigantes do agroneg\u00f3cio e empresas de tecnologia, causadoras de impactos que v\u00e3o desde o avan\u00e7o do uso de sementes geneticamente modificadas at\u00e9 mecanismos de financiamento da produ\u00e7\u00e3o. Hoje \u00e9 poss\u00edvel dizer que a seguran\u00e7a alimentar da humanidade est\u00e1 nas m\u00e3os da iniciativa privada.<\/p>\n<p>Essa conclus\u00e3o \u00e9 aplic\u00e1vel a diversos outros setores,\u00a0&#8220;para compreender a ascens\u00e3o das grandes corpora\u00e7\u00f5es de tecnologia, conhecidas como Big Techs (Google, Apple, Facebook, Amazon e Microsoft etc), \u00e9 preciso compreender como elas se relacionam com os mecanismos de acumula\u00e7\u00e3o do capital&#8221;, pontua o texto.<\/p>\n<p>Segundo o dossi\u00ea, &#8220;Por mais que se apresentem como \u201csolu\u00e7\u00e3o\u201d aos problemas econ\u00f4micos atuais, essas corpora\u00e7\u00f5es s\u00e3o sintomas, ou seja, expressam como o capitalismo em crise busca direcionar as tecnologias para seus interesses&#8221;.<\/p>\n<p>Como caminho para reverter esse processo de reafirma\u00e7\u00e3o das desigualdades, o texto aponta como a necessidade de estabelecimento da\u00a0tecnologia como bem comum e n\u00e3o como propriedade de um grupo seleto.\u00a0<\/p>\n<p>Dar acesso aos recursos e produtos n\u00e3o \u00e9 suficiente. \u00c9\u00a0necess\u00e1rio &#8220;um projeto t\u00e1tico e estrat\u00e9gico de classe&#8221; para que a efici\u00eancia das solu\u00e7\u00f5es sejam reais. A conclus\u00e3o do dossi\u00ea \u00e9 de que o debate n\u00e3o pode ser pautado por interesses individuais, mas pela coletividade e participa\u00e7\u00e3o.<\/p>\n<p>::<a href=\"https:\/\/www.brasildefatope.com.br\/2020\/08\/06\/ciencia-popular-acesso-a-tecnologia-e-desigualdade-social\">Ci\u00eancia Popular | Acesso \u00e0 tecnologia e desigualdade social<\/a>::<\/p>\n<p>Carolina Cruz ressalta que \u00e9 preciso combater a ideia de que a din\u00e2mica atual da presen\u00e7a das tecnologias na vida da popula\u00e7\u00e3o \u00e9 um processo inescap\u00e1vel, &#8220;H\u00e1 uma fun\u00e7\u00e3o ideol\u00f3gica nisso. Ao acreditar que est\u00e1 tudo controlado, a gente fica sem margem de a\u00e7\u00e3o e acaba se conformando com as coisas como elas est\u00e3o&#8221;, alerta.<\/p>\n<p><strong>Fonte: Brasil de Fato<\/strong><\/p>\n","protected":false},"excerpt":{"rendered":"<p>Embora as tecnologias digitais sejam celebradas como motor de mudan\u00e7a e solu\u00e7\u00e3o de problemas (at\u00e9 mesmo estruturais) da sociedade, n\u00e3o \u00e9 poss\u00edvel negar o papel consider\u00e1vel que elas exercem no refor\u00e7o de opress\u00f5es e desigualdades. Essa rela\u00e7\u00e3o direta \u00e9 tema de an\u00e1lise no\u00a0dossi\u00ea 46 do\u00a0Instituto Tricontinental de Pesquisa Social. Com o t\u00edtulo\u00a0Big Techs e os [&hellip;]<\/p>\n","protected":false},"author":2,"featured_media":11728,"comment_status":"","ping_status":"","sticky":false,"template":"","format":"standard","meta":{"footnotes":""},"categories":[3],"tags":[],"class_list":["post-11729","post","type-post","status-publish","format-standard","has-post-thumbnail","hentry","category-noticias"],"_links":{"self":[{"href":"https:\/\/hostnetart.com.br\/baixada\/wp-json\/wp\/v2\/posts\/11729","targetHints":{"allow":["GET"]}}],"collection":[{"href":"https:\/\/hostnetart.com.br\/baixada\/wp-json\/wp\/v2\/posts"}],"about":[{"href":"https:\/\/hostnetart.com.br\/baixada\/wp-json\/wp\/v2\/types\/post"}],"author":[{"embeddable":true,"href":"https:\/\/hostnetart.com.br\/baixada\/wp-json\/wp\/v2\/users\/2"}],"replies":[{"embeddable":true,"href":"https:\/\/hostnetart.com.br\/baixada\/wp-json\/wp\/v2\/comments?post=11729"}],"version-history":[{"count":0,"href":"https:\/\/hostnetart.com.br\/baixada\/wp-json\/wp\/v2\/posts\/11729\/revisions"}],"wp:featuredmedia":[{"embeddable":true,"href":"https:\/\/hostnetart.com.br\/baixada\/wp-json\/wp\/v2\/media\/11728"}],"wp:attachment":[{"href":"https:\/\/hostnetart.com.br\/baixada\/wp-json\/wp\/v2\/media?parent=11729"}],"wp:term":[{"taxonomy":"category","embeddable":true,"href":"https:\/\/hostnetart.com.br\/baixada\/wp-json\/wp\/v2\/categories?post=11729"},{"taxonomy":"post_tag","embeddable":true,"href":"https:\/\/hostnetart.com.br\/baixada\/wp-json\/wp\/v2\/tags?post=11729"}],"curies":[{"name":"wp","href":"https:\/\/api.w.org\/{rel}","templated":true}]}}