{"id":11727,"date":"2021-11-09T14:42:15","date_gmt":"2021-11-09T17:42:15","guid":{"rendered":"https:\/\/hostnetart.com.br\/baixada\/penultima-semana-de-saques-do-auxilio-emergencial-comeca-nesta-terca-feira-9\/"},"modified":"2021-11-09T14:42:15","modified_gmt":"2021-11-09T17:42:15","slug":"penultima-semana-de-saques-do-auxilio-emergencial-comeca-nesta-terca-feira-9","status":"publish","type":"post","link":"https:\/\/hostnetart.com.br\/baixada\/penultima-semana-de-saques-do-auxilio-emergencial-comeca-nesta-terca-feira-9\/","title":{"rendered":"Pen\u00faltima semana de saques do aux\u00edlio emergencial come\u00e7a nesta ter\u00e7a-feira (9)"},"content":{"rendered":"<p>Nesta semana, entre os dias 9 e 12 de novembro, os trabalhadores nascidos em maio, junho, juho e agosto\u00a0inscritos no aux\u00edlio emergencial\u00a0por meio do\u00a0<a href=\"https:\/\/www.caixa.gov.br\/Paginas\/home-caixa.aspx\" target=\"_blank\" rel=\"noopener noreferrer\">site<\/a>\u00a0ou\u00a0<a href=\"https:\/\/www.caixa.gov.br\/caixatem\/Paginas\/default.aspx\" target=\"_blank\" rel=\"noopener noreferrer\">aplicativo<\/a>\u00a0da Caixa Econ\u00f4mica Federal (<a href=\"https:\/\/www.caixa.gov.br\/Paginas\/home-caixa.aspx\" target=\"_blank\" rel=\"noopener noreferrer\">CEF<\/a>) ou\u00a0inscritos no Cadastro \u00danico (<a href=\"https:\/\/meucadunico.cidadania.gov.br\/meu_cadunico\/\" target=\"_blank\" rel=\"noopener noreferrer\">Cad\u00danico<\/a>) podem sacar a s\u00e9tima e \u00faltima parcela do benef\u00edcio.<\/p>\n<p>O cronograma deste \u00faltimo\u00a0ciclo prev\u00ea que os saques ser\u00e3o\u00a0liberados a todos os trabalhadores at\u00e9 o dia 19 de novembro. Aniversariantes de setembro, outubro, novembro e dezembro recebem na pr\u00f3xima semana.<\/p>\n<p class=\"ckeditor-subtitle\"><strong>::\u00a0<a href=\"https:\/\/auxilio.caixa.gov.br\/#\/calendario%20%C2%A0\" target=\"_blank\" rel=\"noopener noreferrer\">Confira aqui o calend\u00e1rio completo<\/a>\u00a0::<\/p>\n<p>Como sacar?<\/strong><\/p>\n<p>A libera\u00e7\u00e3o do dinheiro \u00e9 feita em duas etapas. Na primeira, \u00e9 necess\u00e1rio acessar o aplicativo \u201c<a href=\"https:\/\/www.caixa.gov.br\/caixatem\/Paginas\/default.aspx\" target=\"_blank\" rel=\"noopener noreferrer\">Caixa Tem<\/a>\u201d e selecionar as op\u00e7\u00f5es \u201cSaque sem cart\u00e3o\u201d e \u201cGerar c\u00f3digo de saque\u201d. Depois, com o c\u00f3digo em m\u00e3os, o benefici\u00e1rio tem at\u00e9 uma hora para fazer a retirada do dinheiro em lot\u00e9ricas ou ag\u00eancias da Caixa. O saque \u00e9 liberado de acordo com o m\u00eas de anivers\u00e1rio da pessoa inscrita.<\/p>\n<p>At\u00e9 ent\u00e3o,\u00a0o dinheiro apenas podia ser\u00a0movimentado apenas digitalmente, permitindo o pagamento de contas com o aplicativo Caixa Tem e compras com o cart\u00e3o virtual.\u00a0<\/p>\n<p class=\"ckeditor-subtitle\"><span style=\"text-decoration: underline;\">Aux\u00edlio Brasil \u00a0<\/span><\/p>\n<p>Criado em 2020 devido \u00e0 crise econ\u00f4mica intensificada pela pandemia de covid-19, o aux\u00edlio emergencial\u00a0encerrou\u00a0em outubro passado, com as \u00faltimas libera\u00e7\u00f5es de saque neste m\u00eas de novembro.<\/p>\n<p>De acordo com o ministro da Cidadania, Jo\u00e3o Roma, a partir deste m\u00eas de novembro ser\u00e1 implementado o Aux\u00edlio Brasil, que ir\u00e1 substituir o Bolsa Fam\u00edlia e o aux\u00edlio emergencial.<\/p>\n<p>Para os benefici\u00e1rios do Aux\u00edlio Brasil, ser\u00e1 feito um reajuste de 20% sobre o valor m\u00e9dio pago \u00e0s fam\u00edlias. J\u00e1 para os trabalhadores inscritos no Cad\u00danico e que est\u00e3o inseridos nas faixas de pobreza e pobreza extrema haver\u00e1 um benef\u00edcio m\u00ednimo de R$ 400.\u00a0<\/p>\n<p class=\"ckeditor-subtitle\"><span style=\"text-decoration: underline;\">Incertezas\u00a0<\/span><\/p>\n<p>A cria\u00e7\u00e3o do Aux\u00edlio Brasil pretende derrubar o Bolsa Fam\u00edlia, que completou 18 anos no \u00faltimo dia 20 de outubro. A proposta de altera\u00e7\u00e3o no programa de transfer\u00eancia de renda foi encaminhada\u00a0pelo presidente Jair Bolsonaro ao Congresso Nacional, em agosto deste ano,\u00a0por meio da\u00a0<a href=\"https:\/\/www.camara.leg.br\/proposicoesWeb\/fichadetramitacao?idProposicao=2293428\" target=\"_blank\" rel=\"noopener noreferrer\">Medida Provis\u00f3ria (MP) 1061\/2021<\/a>.\u00a0\u00a0<\/p>\n<p>O Bolsa Fam\u00edlia \u00e9 um programa popular, citado em\u00a0artigos e manifestos, n\u00e3o apenas por seu impacto em diversas esferas da sociedade brasileira ao longo dos anos, mas tamb\u00e9m pelo fato de estar sendo aniquilado pelo governo Bolsonaro.\u00a0\u00a0<\/p>\n<p>A mudan\u00e7a, entretanto, pode diminuir a quantidade de benefici\u00e1rios. Uma\u00a0<a href=\"https:\/\/economia.estadao.com.br\/noticias\/geral,5-4-milhoes-de-atendidos-pelo-bolsa-familia-podem-ter-perdas-com-o-auxilio-brasil,70003866613\" target=\"_blank\" rel=\"noopener noreferrer\">reportagem do Estad\u00e3o, com dados obtidos por meio da Lei de Acesso \u00e0 Informa\u00e7\u00e3o (LAI)<\/a>, mostrou que cerca de 5,4 milh\u00f5es de benefici\u00e1rios podem ter uma redu\u00e7\u00e3o no valor do benef\u00edcio, o que representa 37% dos 14,7 milh\u00f5es de atuais benefici\u00e1rios do programa.<\/p>\n<p>Fonte: Brasil de Fato<\/p>\n","protected":false},"excerpt":{"rendered":"<p>Nesta semana, entre os dias 9 e 12 de novembro, os trabalhadores nascidos em maio, junho, juho e agosto\u00a0inscritos no aux\u00edlio emergencial\u00a0por meio do\u00a0site\u00a0ou\u00a0aplicativo\u00a0da Caixa Econ\u00f4mica Federal (CEF) ou\u00a0inscritos no Cadastro \u00danico (Cad\u00danico) podem sacar a s\u00e9tima e \u00faltima parcela do benef\u00edcio. O cronograma deste \u00faltimo\u00a0ciclo prev\u00ea que os saques ser\u00e3o\u00a0liberados a todos os trabalhadores [&hellip;]<\/p>\n","protected":false},"author":2,"featured_media":11726,"comment_status":"","ping_status":"","sticky":false,"template":"","format":"standard","meta":{"footnotes":""},"categories":[3],"tags":[],"class_list":["post-11727","post","type-post","status-publish","format-standard","has-post-thumbnail","hentry","category-noticias"],"_links":{"self":[{"href":"https:\/\/hostnetart.com.br\/baixada\/wp-json\/wp\/v2\/posts\/11727","targetHints":{"allow":["GET"]}}],"collection":[{"href":"https:\/\/hostnetart.com.br\/baixada\/wp-json\/wp\/v2\/posts"}],"about":[{"href":"https:\/\/hostnetart.com.br\/baixada\/wp-json\/wp\/v2\/types\/post"}],"author":[{"embeddable":true,"href":"https:\/\/hostnetart.com.br\/baixada\/wp-json\/wp\/v2\/users\/2"}],"replies":[{"embeddable":true,"href":"https:\/\/hostnetart.com.br\/baixada\/wp-json\/wp\/v2\/comments?post=11727"}],"version-history":[{"count":0,"href":"https:\/\/hostnetart.com.br\/baixada\/wp-json\/wp\/v2\/posts\/11727\/revisions"}],"wp:featuredmedia":[{"embeddable":true,"href":"https:\/\/hostnetart.com.br\/baixada\/wp-json\/wp\/v2\/media\/11726"}],"wp:attachment":[{"href":"https:\/\/hostnetart.com.br\/baixada\/wp-json\/wp\/v2\/media?parent=11727"}],"wp:term":[{"taxonomy":"category","embeddable":true,"href":"https:\/\/hostnetart.com.br\/baixada\/wp-json\/wp\/v2\/categories?post=11727"},{"taxonomy":"post_tag","embeddable":true,"href":"https:\/\/hostnetart.com.br\/baixada\/wp-json\/wp\/v2\/tags?post=11727"}],"curies":[{"name":"wp","href":"https:\/\/api.w.org\/{rel}","templated":true}]}}