{"id":11721,"date":"2021-11-08T17:05:00","date_gmt":"2021-11-08T20:05:00","guid":{"rendered":"https:\/\/hostnetart.com.br\/baixada\/movimento-sindical-e-bradesco-discutem-retomada-ao-trabalho-presencial\/"},"modified":"2021-11-08T17:05:00","modified_gmt":"2021-11-08T20:05:00","slug":"movimento-sindical-e-bradesco-discutem-retomada-ao-trabalho-presencial","status":"publish","type":"post","link":"https:\/\/hostnetart.com.br\/baixada\/movimento-sindical-e-bradesco-discutem-retomada-ao-trabalho-presencial\/","title":{"rendered":"Movimento Sindical e Bradesco discutem retomada ao trabalho presencial"},"content":{"rendered":"<p>Durante reuni\u00e3o com a Comiss\u00e3o de Organiza\u00e7\u00e3o dos Empregados (COE) do Bradesco, realizada na sexta-feira (5), o banco anunciou a amplia\u00e7\u00e3o de 10% para 20% do quadro de trabalhadores no esquema presencial, a partir do dia 16 de novembro.<\/p>\n<p>Os funcion\u00e1rios que est\u00e3o em home-office recebem o convite para o retorno ao trabalho presencial a partir desta segunda-feira (8). O retorno valer\u00e1 para todas as estruturas administrativas. A cada semana, o banco ir\u00e1 incrementar em mais 20% o quadro presencial. Por\u00e9m, avaliando o cen\u00e1rio a cada 15 dias para determinar se mant\u00e9m o fluxo de retorno ou suspende.<\/p>\n<p>Apenas aqueles que estiverem totalmente imunizados estar\u00e3o eleg\u00edveis para o trabalho presencial. Funcion\u00e1rios do grupo de risco e gestantes continuar\u00e3o em home-office. E, conforme solicitado anteriormente pelos sindicatos, o retorno ser\u00e1 de forma gradual, respeitando os protocolos de seguran\u00e7a e com escalas nos hor\u00e1rios de almo\u00e7o, de entrada e de sa\u00edda de funcion\u00e1rios.<\/p>\n<p>A coordenadora da COE, Magaly Fagundes, manifestou que os sindicatos continuar\u00e3o atentos para que o grupo de risco seja protegido. \u201cChegou para n\u00f3s a informa\u00e7\u00e3o de uma pessoa com diabetes que recebeu do gestor a solicita\u00e7\u00e3o para voltar ao trabalho presencial. Ent\u00e3o, pedimos para que os gestores sejam reorientados a n\u00e3o buscarem ningu\u00e9m do grupo de risco\u201d, destacou.<\/p>\n<p><a href=\"https:\/\/contrafcut.com.br\/noticias\/coe-e-bradesco-retomam-mesa-de-negociacao-da-minuta-especifica\/\">Em reuni\u00e3<\/a><a href=\"https:\/\/contrafcut.com.br\/noticias\/coe-e-bradesco-retomam-mesa-de-negociacao-da-minuta-especifica\/\" target=\"_blank\" rel=\"noopener noreferrer\">o<\/a><a href=\"https:\/\/contrafcut.com.br\/noticias\/coe-e-bradesco-retomam-mesa-de-negociacao-da-minuta-especifica\/\">\u00a0anterior<\/a>, realizada em setembro, os representantes dos banc\u00e1rios cobraram a manuten\u00e7\u00e3o dos protocolos de seguran\u00e7a e sa\u00fade, negociados desde o in\u00edcio da pandemia, como uso de m\u00e1scara por clientes e funcion\u00e1rios, manuten\u00e7\u00e3o do distanciamento, \u00e1lcool em gel e melhoria na qualidade das m\u00e1scaras fornecidas aos funcion\u00e1rios. No encontro dessa sexta, o banco confirmou a aplica\u00e7\u00e3o do protocolo e a compra de um novo modelo de m\u00e1scara, de prote\u00e7\u00e3o tripla, que ser\u00e1 fornecida aos funcion\u00e1rios a partir da pr\u00f3xima remessa.<\/p>\n<h3>Hor\u00e1rio de atendimento<\/h3>\n<p>O Bradesco manter\u00e1 o hor\u00e1rio reduzido para o p\u00fablico normal nas ag\u00eancias, das 10h \u00e0s 14h. E, para os aposentados, em dia de pagamento, das 8h \u00e0s 14h e, em dias normais, das 9h \u00e0s 14h.<\/p>\n<p><strong>Fonte: Contraf-CUT<\/strong><\/p>\n","protected":false},"excerpt":{"rendered":"<p>Durante reuni\u00e3o com a Comiss\u00e3o de Organiza\u00e7\u00e3o dos Empregados (COE) do Bradesco, realizada na sexta-feira (5), o banco anunciou a amplia\u00e7\u00e3o de 10% para 20% do quadro de trabalhadores no esquema presencial, a partir do dia 16 de novembro. Os funcion\u00e1rios que est\u00e3o em home-office recebem o convite para o retorno ao trabalho presencial a [&hellip;]<\/p>\n","protected":false},"author":2,"featured_media":11720,"comment_status":"","ping_status":"","sticky":false,"template":"","format":"standard","meta":{"footnotes":""},"categories":[3],"tags":[],"class_list":["post-11721","post","type-post","status-publish","format-standard","has-post-thumbnail","hentry","category-noticias"],"_links":{"self":[{"href":"https:\/\/hostnetart.com.br\/baixada\/wp-json\/wp\/v2\/posts\/11721","targetHints":{"allow":["GET"]}}],"collection":[{"href":"https:\/\/hostnetart.com.br\/baixada\/wp-json\/wp\/v2\/posts"}],"about":[{"href":"https:\/\/hostnetart.com.br\/baixada\/wp-json\/wp\/v2\/types\/post"}],"author":[{"embeddable":true,"href":"https:\/\/hostnetart.com.br\/baixada\/wp-json\/wp\/v2\/users\/2"}],"replies":[{"embeddable":true,"href":"https:\/\/hostnetart.com.br\/baixada\/wp-json\/wp\/v2\/comments?post=11721"}],"version-history":[{"count":0,"href":"https:\/\/hostnetart.com.br\/baixada\/wp-json\/wp\/v2\/posts\/11721\/revisions"}],"wp:featuredmedia":[{"embeddable":true,"href":"https:\/\/hostnetart.com.br\/baixada\/wp-json\/wp\/v2\/media\/11720"}],"wp:attachment":[{"href":"https:\/\/hostnetart.com.br\/baixada\/wp-json\/wp\/v2\/media?parent=11721"}],"wp:term":[{"taxonomy":"category","embeddable":true,"href":"https:\/\/hostnetart.com.br\/baixada\/wp-json\/wp\/v2\/categories?post=11721"},{"taxonomy":"post_tag","embeddable":true,"href":"https:\/\/hostnetart.com.br\/baixada\/wp-json\/wp\/v2\/tags?post=11721"}],"curies":[{"name":"wp","href":"https:\/\/api.w.org\/{rel}","templated":true}]}}