{"id":11717,"date":"2021-11-05T03:53:17","date_gmt":"2021-11-05T06:53:17","guid":{"rendered":"https:\/\/hostnetart.com.br\/baixada\/presidente-da-cut-defende-unidade-e-solidariedade-dos-trabalhadores-da-america-latina\/"},"modified":"2021-11-05T03:53:17","modified_gmt":"2021-11-05T06:53:17","slug":"presidente-da-cut-defende-unidade-e-solidariedade-dos-trabalhadores-da-america-latina","status":"publish","type":"post","link":"https:\/\/hostnetart.com.br\/baixada\/presidente-da-cut-defende-unidade-e-solidariedade-dos-trabalhadores-da-america-latina\/","title":{"rendered":"Presidente da CUT defende unidade e solidariedade dos trabalhadores da Am\u00e9rica Latina"},"content":{"rendered":"<p><a href=\"https:\/\/www.cut.org.br\/\" target=\"_blank\" rel=\"noopener noreferrer\">CUT Brasil<\/a>\u00a0\u2013 No segundo dia da viagem do presidente nacional da CUT, S\u00e9rgio Nobre, \u00e0 Venezuela, a comitiva de sindicalistas foi recebida por ministros do governo de Nicol\u00e1s Maduro, em Caracas. O dirigente brasileiro est\u00e1 no pa\u00eds vizinho desde ter\u00e7a-feira (2), em uma a\u00e7\u00e3o de solidariedade aos trabalhadores e ao governo venezuelano, que, em janeiro deste ano, doou 130 mil litros de oxig\u00eanio hospitalar a Manaus (AM), onde pacientes internados com covid-19 morreram por asfixia.<\/p>\n<p>Em retribui\u00e7\u00e3o, a CUT fez uma campanha de arrecada\u00e7\u00e3o e conseguiu recursos para a compra de uma tonelada de pe\u00e7as de reposi\u00e7\u00e3o para a usina local de produ\u00e7\u00e3o deste insumo hospitalar. \u201cNosso principal interesse [ao doar o oxig\u00eanio] era salvaguardar vidas de brasileiros, porque nossa vontade infinita \u00e9 sempre poder expressar ao povo do Brasil nosso carinho e respeito sincero\u201d, disse o chanceler Rander Pe\u00f1a, vice-ministro das Rela\u00e7\u00f5es Exteriores do pa\u00eds vizinho.<\/p>\n<p>A Venezuela sofre embargo econ\u00f4mico internacional h\u00e1 seis anos, principalmente dos Estados Unidos, o que impede o pa\u00eds de comprar insumos \u00e0s suas plantas.<\/p>\n<p>\u201cA unidade e troca de experi\u00eancia entre todos os trabalhadores e trabalhadoras latino-americanos, por meio de seus representantes leg\u00edtimos, \u00e9 muito importante para o movimento sindical e para a Regi\u00e3o, porque temos lutas semelhantes em defesa dos direitos da classe trabalhadora, da democracia e da soberania de cada pa\u00eds\u201d, afirmou o presidente nacional da CUT.<\/p>\n<hr class=\"wp-block-separator\" \/>\n<p>Acompanhado do secret\u00e1rio de Rela\u00e7\u00f5es Exteriores da CUT, Antonio Lisboa, de Miguel Torres, presidente da For\u00e7a Sindical, e de Sandro Cezar, presidente da CUT-Rio, S\u00e9rgio Nobre se reuniu na tarde desta quarta-feira (3) com Rander Pe\u00f1a, ao lado do embaixador venezuelano no Brasil, Alberto Castellar, e do vice-ministro e chanceler Carlos Ron, presidente do Instituto Simon Bol\u00edvar. Antes, o presidente da CUT teve encontro com o ministro do Trabalho da Venezuela, Jos\u00e9 Ramon Rivera.<\/p>\n<figure class=\"wp-block-image is-resized\"><a href=\"https:\/\/admin.cut.org.br\/system\/uploads\/ck\/SN-Vene.jpg\" target=\"_blank\" rel=\"noopener noreferrer\"><img fetchpriority=\"high\" decoding=\"async\" class=\"lazyloaded\" src=\"https:\/\/www.cut.org.br\/images\/cache\/systemuploadscksn-venejpg-550x309xfit-ae941.jpg\" alt=\"Reprodu\u00e7\u00e3o\" width=\"591\" height=\"332\" data-ll-status=\"loaded\" \/><\/a><figcaption>Encontro reafirmou aos ministros venezuelanos o agradecimento pela doa\u00e7\u00e3o de oxig\u00eanio a Manaus \/ Reprodu\u00e7\u00e3o<\/figcaption><\/figure>\n<h2>Rela\u00e7\u00f5es<\/h2>\n<p>At\u00e9 s\u00e1bado (6), quando retornar\u00e3o ao Brasil, o presidente nacional da CUT e comitiva ter\u00e3o reuni\u00f5es com lideran\u00e7as sindicais e sociais venezuelanas.<\/p>\n<p>O chanceler Rander Pe\u00f1a se disse honrado e agradeceu a presen\u00e7a dos sindicalistas brasileiros ao afirmar que \u201ca vinda dessas importantes representa\u00e7\u00f5es sindicais do Brasil \u00e0 Venezuela nada mais \u00e9 do que o interesse m\u00fatuo, a express\u00e3o genu\u00edna de nossos povos de se abra\u00e7arem como sempre deveria ter sido e jamais deveria ter sido interrompido\u201d.<\/p>\n<p>O governo Bolsonaro n\u00e3o reconhece o presidente Nicol\u00e1s Maduro, retirou equipe diplom\u00e1tica daquele pa\u00eds e nunca agradeceu a doa\u00e7\u00e3o de oxig\u00eanio feita por Nicol\u00e1s Maduro. \u201cPara o povo venezuelano, para o presidente Nicol\u00e1s Maduro e para a Revolu\u00e7\u00e3o Bolivariana, \u00e9 importante a vida de cada homem e cada mulher latino-americano no mundo\u201d, responde o vice-ministro Pe\u00f1a.<\/p>\n<p>O presidente nacional da CUT reafirmou aos ministros venezuelanos o agradecimento pela doa\u00e7\u00e3o de oxig\u00eanio a Manaus e disse que o principal objetivo da visita, al\u00e9m de refor\u00e7ar rela\u00e7\u00f5es, \u00e9 retribuir a solidariedade dos trabalhadores e trabalhadoras venezuelanos, que foi crucial para evitar mais mortes durante o colapso da sa\u00fade em Manaus.<\/p>\n<p>S\u00e9rgio Nobre visitar\u00e1 a Usina de Sidor, em Orinoco, a 320 quil\u00f4metros da capital Caracas, que produziu o oxig\u00eanio hospitalar doado ao Brasil, em janeiro. A compra foi feita com os recursos arrecadados durante os quatro meses da campanha lan\u00e7ada pela CUT em 29 de junho, junto a seus entes filiados.<\/p>\n","protected":false},"excerpt":{"rendered":"<p>CUT Brasil\u00a0\u2013 No segundo dia da viagem do presidente nacional da CUT, S\u00e9rgio Nobre, \u00e0 Venezuela, a comitiva de sindicalistas foi recebida por ministros do governo de Nicol\u00e1s Maduro, em Caracas. O dirigente brasileiro est\u00e1 no pa\u00eds vizinho desde ter\u00e7a-feira (2), em uma a\u00e7\u00e3o de solidariedade aos trabalhadores e ao governo venezuelano, que, em janeiro [&hellip;]<\/p>\n","protected":false},"author":2,"featured_media":11716,"comment_status":"","ping_status":"","sticky":false,"template":"","format":"standard","meta":{"footnotes":""},"categories":[3],"tags":[],"class_list":["post-11717","post","type-post","status-publish","format-standard","has-post-thumbnail","hentry","category-noticias"],"_links":{"self":[{"href":"https:\/\/hostnetart.com.br\/baixada\/wp-json\/wp\/v2\/posts\/11717","targetHints":{"allow":["GET"]}}],"collection":[{"href":"https:\/\/hostnetart.com.br\/baixada\/wp-json\/wp\/v2\/posts"}],"about":[{"href":"https:\/\/hostnetart.com.br\/baixada\/wp-json\/wp\/v2\/types\/post"}],"author":[{"embeddable":true,"href":"https:\/\/hostnetart.com.br\/baixada\/wp-json\/wp\/v2\/users\/2"}],"replies":[{"embeddable":true,"href":"https:\/\/hostnetart.com.br\/baixada\/wp-json\/wp\/v2\/comments?post=11717"}],"version-history":[{"count":0,"href":"https:\/\/hostnetart.com.br\/baixada\/wp-json\/wp\/v2\/posts\/11717\/revisions"}],"wp:featuredmedia":[{"embeddable":true,"href":"https:\/\/hostnetart.com.br\/baixada\/wp-json\/wp\/v2\/media\/11716"}],"wp:attachment":[{"href":"https:\/\/hostnetart.com.br\/baixada\/wp-json\/wp\/v2\/media?parent=11717"}],"wp:term":[{"taxonomy":"category","embeddable":true,"href":"https:\/\/hostnetart.com.br\/baixada\/wp-json\/wp\/v2\/categories?post=11717"},{"taxonomy":"post_tag","embeddable":true,"href":"https:\/\/hostnetart.com.br\/baixada\/wp-json\/wp\/v2\/tags?post=11717"}],"curies":[{"name":"wp","href":"https:\/\/api.w.org\/{rel}","templated":true}]}}