{"id":11715,"date":"2021-11-05T03:49:40","date_gmt":"2021-11-05T06:49:40","guid":{"rendered":"https:\/\/hostnetart.com.br\/baixada\/fiocruz-alerta-que-taxa-de-vacinacao-exige-cautela-com-aglomeracoes-alemanha-teme-quarta-onda\/"},"modified":"2021-11-05T03:49:40","modified_gmt":"2021-11-05T06:49:40","slug":"fiocruz-alerta-que-taxa-de-vacinacao-exige-cautela-com-aglomeracoes-alemanha-teme-quarta-onda","status":"publish","type":"post","link":"https:\/\/hostnetart.com.br\/baixada\/fiocruz-alerta-que-taxa-de-vacinacao-exige-cautela-com-aglomeracoes-alemanha-teme-quarta-onda\/","title":{"rendered":"Fiocruz alerta que taxa de vacina\u00e7\u00e3o exige cautela com aglomera\u00e7\u00f5es. Alemanha teme \u2018quarta onda\u2019"},"content":{"rendered":"<p>Pesquisadores do\u00a0Observat\u00f3rio\u00a0da\u00a0Covid-19 da Funda\u00e7\u00e3o Oswaldo Cruz (Fiocruz) defendem cautela na retomada de eventos sociais com aglomera\u00e7\u00e3o diante do \u00edndice ainda insuficiente de vacina\u00e7\u00e3o no pa\u00eds. De acordo com os cientistas, a retomada irrestrita de h\u00e1bitos como esses s\u00f3 \u00e9 efetivamente segura quando a imuniza\u00e7\u00e3o completa contra o novo coronav\u00edrus e suas variantes \u00e9 de 80% do total da popula\u00e7\u00e3o \u2013\u00a0enquanto o pa\u00eds est\u00e1 com 56%.<\/p>\n<p>O alerta \u00e9 publicado em um momento em que diversas regi\u00f5es do pa\u00eds convocam 100% por dos alunos para o\u00a0<a href=\"https:\/\/www.redebrasilatual.com.br\/educacao\/2021\/10\/pais-contra-volta-as-aulas-sem-rodizio-de-alunos-em-sao-paulo\/\" target=\"_blank\" rel=\"noopener noreferrer\">retorno \u00e0s aulas presenciais<\/a>, como o estado de S\u00e3o Paulo. Al\u00e9m disso, eventos em locais de aglomera\u00e7\u00e3o, como est\u00e1dios de futebol, cinemas, casas de shows e baladas j\u00e1 ocorrem com lota\u00e7\u00e3o m\u00e1xima. Os pesquisadores alertam, por\u00e9m, que n\u00e3o basta que apenas a popula\u00e7\u00e3o adulta esteja devidamente vacinada. E, tamb\u00e9m, que \u201cquantidade expressiva\u201d de pessoas ainda precisa retornar para a aplica\u00e7\u00e3o da segunda dose ou dose de refor\u00e7o. At\u00e9 25 de outubro, mais de 14 milh\u00f5es de brasileiros estavam com mais de 15 dias de atraso para a segunda dose do imunizante.<\/p>\n<p>\u201cVale lembrar que a popula\u00e7\u00e3o de adolescentes, pelo tipo de comportamento social que tem, \u00e9 um dos grupos com maior intensidade de circula\u00e7\u00e3o nas ruas e convive com outros grupos et\u00e1rios e sociais mais vulner\u00e1veis\u201d, diz a publica\u00e7\u00e3o.<\/p>\n<p>O\u00a0<a href=\"https:\/\/agencia.fiocruz.br\/sites\/agencia.fiocruz.br\/files\/u34\/boletim_extraordinario_2021-novembro-04-red_0.pdf\">boletim<\/a>\u00a0destaca que a cobertura vacinal vem aumentando paulatinamente, tendo alcan\u00e7ado. No entanto, esses \u00edndices ainda est\u00e3o distantes do patamar considerado \u201cideal\u201d.<\/p>\n<p>At\u00e9 que essa taxa de vacina\u00e7\u00e3o seja alcan\u00e7ada, a Fiocruz recomenda que sejam mantidas medidas de distanciamento f\u00edsico, uso de m\u00e1scaras e higieniza\u00e7\u00e3o das m\u00e3os. Al\u00e9m disso, eventos com aglomera\u00e7\u00e3o s\u00f3 devem ocorrer mediante exig\u00eancia de comprovante de vacina\u00e7\u00e3o entre todos os participantes.<\/p>\n<h2><span style=\"text-decoration: underline;\">N\u00e3o vacinados e a \u2018quarta onda\u2019<\/span><\/h2>\n<p class=\"has-text-align-left\">Em fun\u00e7\u00e3o do relaxamento das medidas restritivas, o ministro da Sa\u00fade da Alemanha, Jens Spahn, alertou nesta quarta-feira (3) para o surgimento de uma \u201cquarta onda\u201d da covid-19 em seu pa\u00eds. \u201cEm algumas regi\u00f5es da Alemanha, os leitos de UTI dispon\u00edveis est\u00e3o ficando novamente esgotados\u201d, advertiu. De acordo com o ministro, esse novo aumento no n\u00famero de casos e interna\u00e7\u00f5es tem se dado \u201cessencialmente\u201d entre os n\u00e3o vacinados.<\/p>\n<p>Nesse sentido, ele cobrou que os estados adotem medidas mais r\u00edgidas de controle de circula\u00e7\u00e3o dos n\u00e3o vacinados. Ele citou, por exemplo, a proibi\u00e7\u00e3o\u00a0do acesso a locais p\u00fablicos ou a exig\u00eancia de um teste PCR negativo \u2013 mais caros que os testes de ant\u00edgenos adquiridos em farm\u00e1cia.<\/p>\n<p>Na It\u00e1lia, as autoridades de Sa\u00fade da regi\u00e3o de Friuli Veneza Giulia, tamb\u00e9m constataram um novo foto de contamina\u00e7\u00e3o pela covid-19. Trieste, a capital da regi\u00e3o, vem registrando seguidos protestos contra o passaporte, desde meados de outubro, quando o governo nacional estabeleceu o chamado \u201cpasse verde\u201d, que obriga a apresenta\u00e7\u00e3o do comprovante de vacina\u00e7\u00e3o para acessar os locais de trabalho.<\/p>\n<p>Grupos que resistem \u00e0 vacina\u00e7\u00e3o tamb\u00e9m t\u00eam colocado em risco os avan\u00e7os no enfrentamento da pandemia em diversos outros pa\u00edses, como Fran\u00e7a, Estados Unidos e\u00a0<a href=\"https:\/\/www.redebrasilatual.com.br\/saude-e-ciencia\/2021\/10\/covid-volta-a-crescer-em-diferentes-paises-pandemia-nao-acabou\/\">R\u00fassia<\/a>. Neste \u00faltimo, o pa\u00eds voltou a registrar novo recorde de \u00f3bitos \u2013 1.189 mortes \u2013 nesta quinta (4). Para conter o avan\u00e7o da doen\u00e7a, medidas restritivas foram adotadas at\u00e9 este domingo, mas dever\u00e3o ser estendidas pelo governo russo. Apenas servi\u00e7os essenciais est\u00e3o autorizados a funcionar presencialmente. Por l\u00e1, menos de 35% foi totalmente imunizada at\u00e9 o momento.<\/p>\n<h3>Reino Unido aprova medicamento<\/h3>\n<p>Tamb\u00e9m nesta quinta (4), o governo do Reino Unido foi o primeiro a autorizar o uso do medicamento molnupiravir contra a covid-19. Produzido em c\u00e1psulas, o novo medicamento, que tem o nome comercial de Lagevrio, \u00e9 produzido pela farmac\u00eautica Merck (MSD, no Brasil). Ainda n\u00e3o h\u00e1 defini\u00e7\u00e3o se o rem\u00e9dio poder\u00e1 ser adquirido em farm\u00e1cias ou se ser\u00e1 distribu\u00eddo pelo Servi\u00e7o Nacional de Sa\u00fade (NHS).<\/p>\n<p>De acordo com a ag\u00eancia regulat\u00f3ria brit\u00e2nica, a nova medica\u00e7\u00e3o \u00e9 recomendada para pessoas acometidas com casos leves ou moderados da doen\u00e7a, e que tenham ao menos um fator de risco \u2013 imunodefici\u00eancia, diabetes, obesidade, doen\u00e7as card\u00edacas, etc. Nesse sentido, seu uso deve ocorrer imediatamente ap\u00f3s a doen\u00e7a ter sido diagnosticada em testes laboratoriais. Ou dentro de cinco dias ap\u00f3s os surgimentos dos primeiros sintomas.<\/p>\n<h4><strong>N\u00fameros da pandemia no Brasil<\/strong><\/h4>\n<p>O Brasil registrou 463 \u00f3bitos confirmados pela covid-19, totalizando 608.671 v\u00edtimas fatais, nesta quinta (4). Na m\u00e9dia m\u00f3vel dos \u00faltimos sete dias, as mortes registradas ficaram em 229. \u00c9 o menor n\u00famero desde 24 de abril de 2020. De acordo com o\u00a0<a href=\"https:\/\/www.conass.org.br\/painelconasscovid19\/\">painel<\/a>\u00a0do Conselho Nacional de Secret\u00e1rios de Sa\u00fade (Conass), 13.352 casos novos foram confirmados nas \u00faltimas 24 horas. Desde o in\u00edcio da pandemia, o total de casos chega a 21.849.137. O estado de S\u00e3o Paulo segue no topo da lista em n\u00famero de casos e \u00f3bitos. E o Rio de Janeiro lidera na taxa de mortalidade.<\/p>\n<p><strong>Fonte: Rede Brasil Atual<\/strong><\/p>\n","protected":false},"excerpt":{"rendered":"<p>Pesquisadores do\u00a0Observat\u00f3rio\u00a0da\u00a0Covid-19 da Funda\u00e7\u00e3o Oswaldo Cruz (Fiocruz) defendem cautela na retomada de eventos sociais com aglomera\u00e7\u00e3o diante do \u00edndice ainda insuficiente de vacina\u00e7\u00e3o no pa\u00eds. De acordo com os cientistas, a retomada irrestrita de h\u00e1bitos como esses s\u00f3 \u00e9 efetivamente segura quando a imuniza\u00e7\u00e3o completa contra o novo coronav\u00edrus e suas variantes \u00e9 de 80% [&hellip;]<\/p>\n","protected":false},"author":2,"featured_media":11714,"comment_status":"","ping_status":"","sticky":false,"template":"","format":"standard","meta":{"footnotes":""},"categories":[3],"tags":[],"class_list":["post-11715","post","type-post","status-publish","format-standard","has-post-thumbnail","hentry","category-noticias"],"_links":{"self":[{"href":"https:\/\/hostnetart.com.br\/baixada\/wp-json\/wp\/v2\/posts\/11715","targetHints":{"allow":["GET"]}}],"collection":[{"href":"https:\/\/hostnetart.com.br\/baixada\/wp-json\/wp\/v2\/posts"}],"about":[{"href":"https:\/\/hostnetart.com.br\/baixada\/wp-json\/wp\/v2\/types\/post"}],"author":[{"embeddable":true,"href":"https:\/\/hostnetart.com.br\/baixada\/wp-json\/wp\/v2\/users\/2"}],"replies":[{"embeddable":true,"href":"https:\/\/hostnetart.com.br\/baixada\/wp-json\/wp\/v2\/comments?post=11715"}],"version-history":[{"count":0,"href":"https:\/\/hostnetart.com.br\/baixada\/wp-json\/wp\/v2\/posts\/11715\/revisions"}],"wp:featuredmedia":[{"embeddable":true,"href":"https:\/\/hostnetart.com.br\/baixada\/wp-json\/wp\/v2\/media\/11714"}],"wp:attachment":[{"href":"https:\/\/hostnetart.com.br\/baixada\/wp-json\/wp\/v2\/media?parent=11715"}],"wp:term":[{"taxonomy":"category","embeddable":true,"href":"https:\/\/hostnetart.com.br\/baixada\/wp-json\/wp\/v2\/categories?post=11715"},{"taxonomy":"post_tag","embeddable":true,"href":"https:\/\/hostnetart.com.br\/baixada\/wp-json\/wp\/v2\/tags?post=11715"}],"curies":[{"name":"wp","href":"https:\/\/api.w.org\/{rel}","templated":true}]}}