{"id":11711,"date":"2021-11-04T16:48:27","date_gmt":"2021-11-04T19:48:27","guid":{"rendered":"https:\/\/hostnetart.com.br\/baixada\/assembleia-para-deliberar-sobre-o-programa-de-capacitacao-designado-cipa-do-bradesco-sera-nos-dias-9-e-10-de-novembro\/"},"modified":"2021-11-04T16:48:27","modified_gmt":"2021-11-04T19:48:27","slug":"assembleia-para-deliberar-sobre-o-programa-de-capacitacao-designado-cipa-do-bradesco-sera-nos-dias-9-e-10-de-novembro","status":"publish","type":"post","link":"https:\/\/hostnetart.com.br\/baixada\/assembleia-para-deliberar-sobre-o-programa-de-capacitacao-designado-cipa-do-bradesco-sera-nos-dias-9-e-10-de-novembro\/","title":{"rendered":"Assembleia para deliberar sobre o \u201cPrograma de Capacita\u00e7\u00e3o Designado CIPA\u201d do Bradesco ser\u00e1 nos dias 9 e 10 de novembro"},"content":{"rendered":"<p>Nos dias 9 e 10 de novembro de 2021, o\u00a0Sindicato dos Banc\u00e1rios da Baixada Fluminense realizar\u00e1 assembleia para deliberar sobre a negocia\u00e7\u00e3o e assinatura do Acordo Coletivo de Trabalho, referente ao \u201cPrograma de Capacita\u00e7\u00e3o designado CIPA\u201d 2021\/2022, com vig\u00eancia de dois anos, a contar da data de sua assinatura, a ser celebrado com o Banco Bradesco.<\/p>\n<div class=\"\" data-block=\"true\" data-editor=\"2sdg3\" data-offset-key=\"18gsl-0-0\">\n<div class=\"_1mf _1mj\" data-offset-key=\"18gsl-0-0\"><span data-offset-key=\"18gsl-0-0\">A assembleia ser\u00e1 aberta para todas as banc\u00e1rias e banc\u00e1rios do Bradesco.<\/span><\/div>\n<\/div>\n<p>A vota\u00e7\u00e3o ser\u00e1 das 8 horas do dia 9\/11 at\u00e9 \u00e0s 18 horas do dia 10\/11.<\/p>\n<p>Para votar e participar, basta acessar o link de vota\u00e7\u00e3o:\u00a0<a href=\"https:\/\/bancarios.votabem.com.br\/\" target=\"_blank\" rel=\"noopener noreferrer\" data-saferedirecturl=\"https:\/\/www.google.com\/url?q=https:\/\/bancarios.votabem.com.br\/&amp;source=gmail&amp;ust=1636129454866000&amp;usg=AFQjCNHQCa4_HJ1V-eWySOHv-N1-EZBMLA\">https:\/\/bancarios.<wbr \/>votabem.com.br\/<\/a><\/p>\n<div>\n<div>O link estar\u00e1, tamb\u00e9m, dispon\u00edvel em nosso site (<a href=\"http:\/\/www.bancariosbaixada.org.br\/\" target=\"_blank\" rel=\"noopener noreferrer\" data-saferedirecturl=\"https:\/\/www.google.com\/url?q=http:\/\/www.bancariosbaixada.org.br\/&amp;source=gmail&amp;ust=1636129454866000&amp;usg=AFQjCNEwiU9TBuX_kv6R8xSnRenKPU38WA\">http:\/\/www.bancariosbaixada.<wbr \/>org.br\/<\/a>)<\/div>\n<\/div>\n","protected":false},"excerpt":{"rendered":"<p>Nos dias 9 e 10 de novembro de 2021, o\u00a0Sindicato dos Banc\u00e1rios da Baixada Fluminense realizar\u00e1 assembleia para deliberar sobre a negocia\u00e7\u00e3o e assinatura do Acordo Coletivo de Trabalho, referente ao \u201cPrograma de Capacita\u00e7\u00e3o designado CIPA\u201d 2021\/2022, com vig\u00eancia de dois anos, a contar da data de sua assinatura, a ser celebrado com o Banco [&hellip;]<\/p>\n","protected":false},"author":2,"featured_media":11710,"comment_status":"","ping_status":"","sticky":false,"template":"","format":"standard","meta":{"footnotes":""},"categories":[3],"tags":[],"class_list":["post-11711","post","type-post","status-publish","format-standard","has-post-thumbnail","hentry","category-noticias"],"_links":{"self":[{"href":"https:\/\/hostnetart.com.br\/baixada\/wp-json\/wp\/v2\/posts\/11711","targetHints":{"allow":["GET"]}}],"collection":[{"href":"https:\/\/hostnetart.com.br\/baixada\/wp-json\/wp\/v2\/posts"}],"about":[{"href":"https:\/\/hostnetart.com.br\/baixada\/wp-json\/wp\/v2\/types\/post"}],"author":[{"embeddable":true,"href":"https:\/\/hostnetart.com.br\/baixada\/wp-json\/wp\/v2\/users\/2"}],"replies":[{"embeddable":true,"href":"https:\/\/hostnetart.com.br\/baixada\/wp-json\/wp\/v2\/comments?post=11711"}],"version-history":[{"count":0,"href":"https:\/\/hostnetart.com.br\/baixada\/wp-json\/wp\/v2\/posts\/11711\/revisions"}],"wp:featuredmedia":[{"embeddable":true,"href":"https:\/\/hostnetart.com.br\/baixada\/wp-json\/wp\/v2\/media\/11710"}],"wp:attachment":[{"href":"https:\/\/hostnetart.com.br\/baixada\/wp-json\/wp\/v2\/media?parent=11711"}],"wp:term":[{"taxonomy":"category","embeddable":true,"href":"https:\/\/hostnetart.com.br\/baixada\/wp-json\/wp\/v2\/categories?post=11711"},{"taxonomy":"post_tag","embeddable":true,"href":"https:\/\/hostnetart.com.br\/baixada\/wp-json\/wp\/v2\/tags?post=11711"}],"curies":[{"name":"wp","href":"https:\/\/api.w.org\/{rel}","templated":true}]}}