{"id":11705,"date":"2021-11-04T14:04:08","date_gmt":"2021-11-04T17:04:08","guid":{"rendered":"https:\/\/hostnetart.com.br\/baixada\/bancarios-se-manifestam-contra-demissoes-no-mercantil-do-brasil\/"},"modified":"2021-11-04T14:04:08","modified_gmt":"2021-11-04T17:04:08","slug":"bancarios-se-manifestam-contra-demissoes-no-mercantil-do-brasil","status":"publish","type":"post","link":"https:\/\/hostnetart.com.br\/baixada\/bancarios-se-manifestam-contra-demissoes-no-mercantil-do-brasil\/","title":{"rendered":"Banc\u00e1rios se manifestam contra demiss\u00f5es no Mercantil do Brasil"},"content":{"rendered":"<p>Sindicatos dos banc\u00e1rios realizam manifesta\u00e7\u00f5es nesta quinta-feira (4) nas portas e imedia\u00e7\u00f5es das ag\u00eancias do Banco Mercantil do Brasil (BMB). O Dia Nacional de Luta ocorre em protesto\u00a0<a href=\"https:\/\/contrafcut.com.br\/noticias\/demissoes-expoem-falta-de-compromisso-do-mercantil-do-brasil-com-clientes-e-trabalhadores\" target=\"_blank\" rel=\"noopener noreferrer\">contra as demiss\u00f5es<\/a>\u00a0realizadas pelo banco e a transforma\u00e7\u00e3o de ag\u00eancias em postos de atendimento banc\u00e1rio (PAAs).<\/p>\n<p>\u201cAmbas as medidas, al\u00e9m de prejudicarem os trabalhadores, tamb\u00e9m prejudicam os clientes do banco. \u00c9 isso o que estamos dizendo no boletim que vamos distribuir \u00e0s pessoas que vierem \u00e0s ag\u00eancias hoje\u201d, disse o coordenador da Comiss\u00e3o de Organiza\u00e7\u00e3o dos Empregados (COE) do Mercantil, Marco Aur\u00e9lio Alves, lembrando que a data \u00e9 uma entre as de mais movimento no Mercantil por ser dia de pagamento da aposentadoria. O banco tem como principal foco de sua atua\u00e7\u00e3o o pagamento aos aposentados.<\/p>\n<p>Al\u00e9m das manifesta\u00e7\u00f5es nas ruas, os banc\u00e1rios tamb\u00e9m v\u00e3o utilizar as redes sociais para denunciar as medidas tomadas pelo banco.<\/p>\n<h3>Demiss\u00f5es<\/h3>\n<p>Em outubro, o Mercantil, mais uma vez, demitiu dezenas de pais e m\u00e3es de fam\u00edlia, mesmo diante de um cen\u00e1rio de pandemia e ag\u00eancias superlotadas de clientes e com falta de funcion\u00e1rios no atendimento.<\/p>\n<p>As demiss\u00f5es s\u00e3o fruto do processo de reestrutura\u00e7\u00e3o, com a transforma\u00e7\u00e3o das ag\u00eancias em PAAs, o que prejudica ainda mais o atendimento aos clientes e usu\u00e1rios do banco e para um banco que tem como atua\u00e7\u00e3o principal o pagamento de benef\u00edcios de aposentadoria, isso significa obrigar os idosos a se deslocarem por maiores dist\u00e2ncias e esperarem mais tempo nas filas.<\/p>\n<h3>Jornal do Cliente<\/h3>\n<p>A Confedera\u00e7\u00e3o Nacional dos Trabalhadores do Ramo Financeiro (Contraf-CUT), com a assessoria da Comiss\u00e3o de Organiza\u00e7\u00e3o dos Empregados (COE) do Banco Mercantil do Brasil, dos sindicatos e federa\u00e7\u00f5es da categoria banc\u00e1ria, especialmente da Federa\u00e7\u00e3o dos Trabalhadores do Ramo Financeiro de Minas Gerais (Fetrafi\/MG) e do Sindicato dos Banc\u00e1rios de Belo Horizonte, elaborou um boletim para mostrar\u00a0<a href=\"https:\/\/contrafcut.com.br\/noticias\/contraf-cut-disponibiliza-jornal-do-cliente-do-mercantil-do-brasil\" target=\"_blank\" rel=\"noopener noreferrer\">aos clientes do banco<\/a>\u00a0que esta situa\u00e7\u00e3o prejudica o atendimento e, consequentemente, eles s\u00e3o afetados.<\/p>\n<p>O material est\u00e1 dispon\u00edvel em vers\u00e3o PDF na p\u00e1gina de publica\u00e7\u00f5es do site da Contraf-CUT e foi disponibilizado aos sindicatos e federa\u00e7\u00f5es da categoria de todo o pa\u00eds, para que aqueles que t\u00eam unidades do banco em sua base de atua\u00e7\u00e3o possam utilizar neste dia de manifesta\u00e7\u00f5es.<\/p>\n<p><strong>Fonte: Contraf-CUT<\/strong><\/p>\n","protected":false},"excerpt":{"rendered":"<p>Sindicatos dos banc\u00e1rios realizam manifesta\u00e7\u00f5es nesta quinta-feira (4) nas portas e imedia\u00e7\u00f5es das ag\u00eancias do Banco Mercantil do Brasil (BMB). O Dia Nacional de Luta ocorre em protesto\u00a0contra as demiss\u00f5es\u00a0realizadas pelo banco e a transforma\u00e7\u00e3o de ag\u00eancias em postos de atendimento banc\u00e1rio (PAAs). \u201cAmbas as medidas, al\u00e9m de prejudicarem os trabalhadores, tamb\u00e9m prejudicam os clientes [&hellip;]<\/p>\n","protected":false},"author":2,"featured_media":11704,"comment_status":"","ping_status":"","sticky":false,"template":"","format":"standard","meta":{"footnotes":""},"categories":[3],"tags":[],"class_list":["post-11705","post","type-post","status-publish","format-standard","has-post-thumbnail","hentry","category-noticias"],"_links":{"self":[{"href":"https:\/\/hostnetart.com.br\/baixada\/wp-json\/wp\/v2\/posts\/11705","targetHints":{"allow":["GET"]}}],"collection":[{"href":"https:\/\/hostnetart.com.br\/baixada\/wp-json\/wp\/v2\/posts"}],"about":[{"href":"https:\/\/hostnetart.com.br\/baixada\/wp-json\/wp\/v2\/types\/post"}],"author":[{"embeddable":true,"href":"https:\/\/hostnetart.com.br\/baixada\/wp-json\/wp\/v2\/users\/2"}],"replies":[{"embeddable":true,"href":"https:\/\/hostnetart.com.br\/baixada\/wp-json\/wp\/v2\/comments?post=11705"}],"version-history":[{"count":0,"href":"https:\/\/hostnetart.com.br\/baixada\/wp-json\/wp\/v2\/posts\/11705\/revisions"}],"wp:featuredmedia":[{"embeddable":true,"href":"https:\/\/hostnetart.com.br\/baixada\/wp-json\/wp\/v2\/media\/11704"}],"wp:attachment":[{"href":"https:\/\/hostnetart.com.br\/baixada\/wp-json\/wp\/v2\/media?parent=11705"}],"wp:term":[{"taxonomy":"category","embeddable":true,"href":"https:\/\/hostnetart.com.br\/baixada\/wp-json\/wp\/v2\/categories?post=11705"},{"taxonomy":"post_tag","embeddable":true,"href":"https:\/\/hostnetart.com.br\/baixada\/wp-json\/wp\/v2\/tags?post=11705"}],"curies":[{"name":"wp","href":"https:\/\/api.w.org\/{rel}","templated":true}]}}