{"id":11703,"date":"2021-11-04T13:56:02","date_gmt":"2021-11-04T16:56:02","guid":{"rendered":"https:\/\/hostnetart.com.br\/baixada\/santander-e-condenado-por-expor-funcionarios\/"},"modified":"2021-11-04T13:56:02","modified_gmt":"2021-11-04T16:56:02","slug":"santander-e-condenado-por-expor-funcionarios","status":"publish","type":"post","link":"https:\/\/hostnetart.com.br\/baixada\/santander-e-condenado-por-expor-funcionarios\/","title":{"rendered":"Santander \u00e9 condenado por expor funcion\u00e1rios"},"content":{"rendered":"<p style=\"font-family: 'fira sans', sans-serif; box-sizing: border-box; margin: 0px 0px 15px; color: #383838; font-size: 18px;\">A Primeira Turma do Tribunal Superior do Trabalho (TST) negou recursos e condenou o banco Santander por imposi\u00e7\u00e3o de metas abusivas, que inclu\u00eda um ranking interno de \u201cmelhores e piores\u201d funcion\u00e1rios. O caso aconteceu em Pouso Alegre, cidade ao sul de Minas Gerais. Pela decis\u00e3o, o Santander ter\u00e1 de pagar R$ 50 mil de indeniza\u00e7\u00e3o a uma funcion\u00e1ria. O caso chegou ao tribunal em 2015.<\/p>\n<p style=\"font-family: 'fira sans', sans-serif; box-sizing: border-box; margin: 0px 0px 15px; color: #383838; font-size: 18px;\">De acordo com a reclama\u00e7\u00e3o, as cobran\u00e7as de metas eram abusivas e prejudiciais \u00e0 sa\u00fade dos funcion\u00e1rios. Segundo a banc\u00e1ria, a divulga\u00e7\u00e3o do ranking via intranet criava \u201cuma verdadeira zona de constrangimento entre os empregados\u201d, causando terror e medo de perder a vaga.<\/p>\n<p style=\"font-family: 'fira sans', sans-serif; box-sizing: border-box; margin: 0px 0px 15px; color: #383838; font-size: 18px;\">Na primeira inst\u00e2ncia (Vara do Trabalho) a Justi\u00e7a fixou a indeniza\u00e7\u00e3o, observando que o pr\u00f3prio preposto do banco declarou que havia cobran\u00e7as \u00e0s vezes excessivas. Al\u00e9m disso, o empregador amea\u00e7ava substituir a m\u00e3o de obra caso aquelas metas n\u00e3o fossem atingidas.<\/p>\n<p style=\"font-family: 'fira sans', sans-serif; box-sizing: border-box; margin: 0px 0px 15px; color: #383838; font-size: 18px;\">O Tribunal Regional do Trabalho (TRT) da 3\u00aa Regi\u00e3o manteve a senten\u00e7a, mas aumentou o valor para R$ 50 mil. \u201cSe eram feitas sob press\u00e3o e amea\u00e7a, as cobran\u00e7as configuram conduta incompat\u00edvel com as regras de conviv\u00eancia regular no ambiente de trabalho\u201d, consideraram os magistrados.<\/p>\n<p style=\"font-family: 'fira sans', sans-serif; box-sizing: border-box; margin: 0px 0px 15px; color: #383838; font-size: 18px;\">No TST, o relator, ministro Dezena da Silva, lembrou que ficou comprovado a\u00a0<a style=\"box-sizing: border-box; color: #d42f1f; background-color: transparent; outline: solid 0px; transition: all 500ms ease 0s;\" href=\"http:\/\/www.tst.jus.br\/web\/guest\/noticias\/-\/asset_publisher\/89Dk\/content\/id\/27725733?_com_liferay_asset_publisher_web_portlet_AssetPublisherPortlet_INSTANCE_89Dk_redirect=http%3A%2F%2Fwww.tst.jus.br%2Fweb%2Fguest%2Finicio-consulta%3Fp_p_id%3Dcom_liferay_asset_publisher_web_portlet_AssetPublisherPortlet_INSTANCE_89Dk%26p_p_lifecycle%3D0%26p_p_state%3Dnormal%26p_p_mode%3Dview%26_com_liferay_asset_publisher_web_portlet_AssetPublisherPortlet_INSTANCE_89Dk_cur%3D0%26p_r_p_resetCur%3Dfalse%26_com_liferay_asset_publisher_web_portlet_AssetPublisherPortlet_INSTANCE_89Dk_assetEntryId%3D27725733\" target=\"_blank\" rel=\"noopener noreferrer\">exposi\u00e7\u00e3o de trabalhadora a uma \u201csitua\u00e7\u00e3o vexat\u00f3ria\u201d, conforme consta do ac\u00f3rd\u00e3o<\/a>. Ele considerou razo\u00e1vel o valor, destacando fatores como poder econ\u00f4mico do banco e tempo de trabalho (de 2002 a 2013) e rejeitou o pedido feito pelo Santander de diminuir a indeniza\u00e7\u00e3o.<br style=\"box-sizing: border-box;\" \/><br style=\"box-sizing: border-box;\" \/><span style=\"box-sizing: border-box; font-weight: bolder;\">Fonte:<\/span>\u00a0<a style=\"box-sizing: border-box; color: #d42f1f; background-color: transparent; outline: solid 0px; transition: all 500ms ease 0s;\" href=\"https:\/\/www.redebrasilatual.com.br\/trabalho\/2021\/11\/tribunal-condena-banco-metas-abusivas-situacao-vexatoria\/\" target=\"_blank\" rel=\"noopener noreferrer\">Rede Brasil Atual<\/a><\/p>\n","protected":false},"excerpt":{"rendered":"<p>A Primeira Turma do Tribunal Superior do Trabalho (TST) negou recursos e condenou o banco Santander por imposi\u00e7\u00e3o de metas abusivas, que inclu\u00eda um ranking interno de \u201cmelhores e piores\u201d funcion\u00e1rios. O caso aconteceu em Pouso Alegre, cidade ao sul de Minas Gerais. Pela decis\u00e3o, o Santander ter\u00e1 de pagar R$ 50 mil de indeniza\u00e7\u00e3o [&hellip;]<\/p>\n","protected":false},"author":2,"featured_media":11702,"comment_status":"","ping_status":"","sticky":false,"template":"","format":"standard","meta":{"footnotes":""},"categories":[3],"tags":[],"class_list":["post-11703","post","type-post","status-publish","format-standard","has-post-thumbnail","hentry","category-noticias"],"_links":{"self":[{"href":"https:\/\/hostnetart.com.br\/baixada\/wp-json\/wp\/v2\/posts\/11703","targetHints":{"allow":["GET"]}}],"collection":[{"href":"https:\/\/hostnetart.com.br\/baixada\/wp-json\/wp\/v2\/posts"}],"about":[{"href":"https:\/\/hostnetart.com.br\/baixada\/wp-json\/wp\/v2\/types\/post"}],"author":[{"embeddable":true,"href":"https:\/\/hostnetart.com.br\/baixada\/wp-json\/wp\/v2\/users\/2"}],"replies":[{"embeddable":true,"href":"https:\/\/hostnetart.com.br\/baixada\/wp-json\/wp\/v2\/comments?post=11703"}],"version-history":[{"count":0,"href":"https:\/\/hostnetart.com.br\/baixada\/wp-json\/wp\/v2\/posts\/11703\/revisions"}],"wp:featuredmedia":[{"embeddable":true,"href":"https:\/\/hostnetart.com.br\/baixada\/wp-json\/wp\/v2\/media\/11702"}],"wp:attachment":[{"href":"https:\/\/hostnetart.com.br\/baixada\/wp-json\/wp\/v2\/media?parent=11703"}],"wp:term":[{"taxonomy":"category","embeddable":true,"href":"https:\/\/hostnetart.com.br\/baixada\/wp-json\/wp\/v2\/categories?post=11703"},{"taxonomy":"post_tag","embeddable":true,"href":"https:\/\/hostnetart.com.br\/baixada\/wp-json\/wp\/v2\/tags?post=11703"}],"curies":[{"name":"wp","href":"https:\/\/api.w.org\/{rel}","templated":true}]}}