{"id":11699,"date":"2021-11-03T17:36:57","date_gmt":"2021-11-03T20:36:57","guid":{"rendered":"https:\/\/hostnetart.com.br\/baixada\/movimento-sindical-bancario-critica-portaria-que-libera-exigencia-de-vacinacao\/"},"modified":"2021-11-03T17:36:57","modified_gmt":"2021-11-03T20:36:57","slug":"movimento-sindical-bancario-critica-portaria-que-libera-exigencia-de-vacinacao","status":"publish","type":"post","link":"https:\/\/hostnetart.com.br\/baixada\/movimento-sindical-bancario-critica-portaria-que-libera-exigencia-de-vacinacao\/","title":{"rendered":"Movimento Sindical Banc\u00e1rio critica portaria que libera exig\u00eancia de vacina\u00e7\u00e3o"},"content":{"rendered":"<p>O Movimento Sindical Banc\u00e1rio, atrav\u00e9s da Confedera\u00e7\u00e3o Nacional dos Trabalhadores do Ramo Financeiro (Contraf-CUT). da qual o Sindicato dos Banc\u00e1rios \u00e9 filiado, criticou, nesta \u00faltima quarta-feira (3), a\u00a0<a href=\"https:\/\/www.in.gov.br\/en\/web\/dou\/-\/portaria-mtp-n-620-de-1-de-novembro-de-2021-356175059\" target=\"_blank\" rel=\"noopener noreferrer\">portaria 620<\/a>, do Minist\u00e9rio do Trabalho e Previd\u00eancia, publicada na edi\u00e7\u00e3o de domingo (1) do Di\u00e1rio Oficial da Uni\u00e3o. No artigo 1\u00ba, par\u00e1grafo 1\u00ba, a portaria pro\u00edbe os empregadores de exigirem para contrata\u00e7\u00e3o ou manuten\u00e7\u00e3o do emprego o comprovante de vacina\u00e7\u00e3o. No par\u00e1grafo 2\u00ba, caracteriza como pr\u00e1tica discriminat\u00f3ria a exig\u00eancia do comprovante de vacina\u00e7\u00e3o em processos de sele\u00e7\u00e3o, ou a demiss\u00e3o do trabalhador.<\/p>\n<p>\u201cIsso \u00e9 um absurdo! Estamos vivendo em meio a uma pandemia e os empregadores s\u00e3o respons\u00e1veis pela manuten\u00e7\u00e3o de um ambiente seguro e saud\u00e1vel para o trabalho. Ao fazer esta proibi\u00e7\u00e3o, o governo impede que o empregador cumpra sua obriga\u00e7\u00e3o, pois uma pessoa n\u00e3o vacinada \u00e9 suscet\u00edvel ao cont\u00e1gio e, consequentemente, \u00e0 propaga\u00e7\u00e3o do v\u00edrus\u201d, disse a presidenta da Contraf-CUT, Juvandia Moreira, que \u00e9 uma das coordenadoras do Comando Nacional dos Banc\u00e1rios.<\/p>\n<p>\u201cNas conversas que estamos tendo com os trabalhadores, eles j\u00e1 se mostravam receosos por terem que atender clientes e trabalhar ao lado de um colega que se recusa a se vacinar. Com essa medida do governo Bolsonaro eles ficar\u00e3o apreensivos com a possibilidade de esta situa\u00e7\u00e3o perdurar para sempre, mesmo tendo vacina dispon\u00edveis para todos\u201d, completou.<\/p>\n<p>Para especialistas em direito do Trabalho,\u00a0<a href=\"https:\/\/www.conjur.com.br\/2021-nov-01\/portaria-veta-demissao-nao-vacinados-inconstitucional\" target=\"_blank\" rel=\"noopener noreferrer\">a portaria \u00e9 inconstitucional<\/a>. A\u00a0<a href=\"https:\/\/revistaforum.com.br\/politica\/pt-justica-portaria-que-derruba-exigencia-de-vacina-no-trabalho\/\">bancada do PT<\/a>\u00a0na C\u00e2mara dos Deputados e no Senado Federal se mobiliza para derrubar a portaria e\u00a0<a href=\"https:\/\/twitter.com\/senadorhumberto\/status\/1455648641612492806\" target=\"_blank\" rel=\"noopener noreferrer\">pelas redes sociais<\/a>, o senador Humberto Costa (PT-PE) anunciou que j\u00e1 apresentou uma proposta para derrubar a portaria.<\/p>\n<p>Em contraposi\u00e7\u00e3o ao governo, o\u00a0<a href=\"https:\/\/www.cnnbrasil.com.br\/business\/em-contraposicao-a-governo-tst-passa-a-exigir-comprovante-de-vacinacao\/\" target=\"_blank\" rel=\"noopener noreferrer\">Tribunal Superior do Trabalho passou a exigir comprovante<\/a>\u00a0de vacina\u00e7\u00e3o para todas as pessoas que queiram entrar em suas depend\u00eancias. A mesma exig\u00eancia \u00e9 feita pelo\u00a0<a href=\"https:\/\/www.tjsp.jus.br\/Noticias\/Noticia?codigoNoticia=74367\" target=\"_blank\" rel=\"noopener noreferrer\">Tribunal de Justi\u00e7a de S\u00e3o Paulo<\/a>\u00a0e pelo\u00a0<a href=\"https:\/\/correiopaulista.com\/foruns-e-ministerio-publico-exigem-vacinacao-para-entrada-nos-seus-predios\/\" target=\"_blank\" rel=\"noopener noreferrer\">Minist\u00e9rio P\u00fablico<\/a>.<\/p>\n<p><strong>Fonte: Contraf-CUT<\/strong><\/p>\n","protected":false},"excerpt":{"rendered":"<p>O Movimento Sindical Banc\u00e1rio, atrav\u00e9s da Confedera\u00e7\u00e3o Nacional dos Trabalhadores do Ramo Financeiro (Contraf-CUT). da qual o Sindicato dos Banc\u00e1rios \u00e9 filiado, criticou, nesta \u00faltima quarta-feira (3), a\u00a0portaria 620, do Minist\u00e9rio do Trabalho e Previd\u00eancia, publicada na edi\u00e7\u00e3o de domingo (1) do Di\u00e1rio Oficial da Uni\u00e3o. No artigo 1\u00ba, par\u00e1grafo 1\u00ba, a portaria pro\u00edbe os [&hellip;]<\/p>\n","protected":false},"author":2,"featured_media":11698,"comment_status":"","ping_status":"","sticky":false,"template":"","format":"standard","meta":{"footnotes":""},"categories":[3],"tags":[],"class_list":["post-11699","post","type-post","status-publish","format-standard","has-post-thumbnail","hentry","category-noticias"],"_links":{"self":[{"href":"https:\/\/hostnetart.com.br\/baixada\/wp-json\/wp\/v2\/posts\/11699","targetHints":{"allow":["GET"]}}],"collection":[{"href":"https:\/\/hostnetart.com.br\/baixada\/wp-json\/wp\/v2\/posts"}],"about":[{"href":"https:\/\/hostnetart.com.br\/baixada\/wp-json\/wp\/v2\/types\/post"}],"author":[{"embeddable":true,"href":"https:\/\/hostnetart.com.br\/baixada\/wp-json\/wp\/v2\/users\/2"}],"replies":[{"embeddable":true,"href":"https:\/\/hostnetart.com.br\/baixada\/wp-json\/wp\/v2\/comments?post=11699"}],"version-history":[{"count":0,"href":"https:\/\/hostnetart.com.br\/baixada\/wp-json\/wp\/v2\/posts\/11699\/revisions"}],"wp:featuredmedia":[{"embeddable":true,"href":"https:\/\/hostnetart.com.br\/baixada\/wp-json\/wp\/v2\/media\/11698"}],"wp:attachment":[{"href":"https:\/\/hostnetart.com.br\/baixada\/wp-json\/wp\/v2\/media?parent=11699"}],"wp:term":[{"taxonomy":"category","embeddable":true,"href":"https:\/\/hostnetart.com.br\/baixada\/wp-json\/wp\/v2\/categories?post=11699"},{"taxonomy":"post_tag","embeddable":true,"href":"https:\/\/hostnetart.com.br\/baixada\/wp-json\/wp\/v2\/tags?post=11699"}],"curies":[{"name":"wp","href":"https:\/\/api.w.org\/{rel}","templated":true}]}}