{"id":11695,"date":"2021-11-03T17:33:23","date_gmt":"2021-11-03T20:33:23","guid":{"rendered":"https:\/\/hostnetart.com.br\/baixada\/auxilio-brasil-e-imprevisivel-limitado-e-com-alcance-reduzido-alerta-dieese\/"},"modified":"2021-11-03T17:33:23","modified_gmt":"2021-11-03T20:33:23","slug":"auxilio-brasil-e-imprevisivel-limitado-e-com-alcance-reduzido-alerta-dieese","status":"publish","type":"post","link":"https:\/\/hostnetart.com.br\/baixada\/auxilio-brasil-e-imprevisivel-limitado-e-com-alcance-reduzido-alerta-dieese\/","title":{"rendered":"Aux\u00edlio Brasil \u00e9 imprevis\u00edvel, limitado e com alcance reduzido, alerta Dieese"},"content":{"rendered":"<p>O diretor t\u00e9cnico do Dieese, Fausto Augusto Junior, criticou as indefini\u00e7\u00f5es a respeito do Aux\u00edlio Brasil. O novo programa, substituto do Bolsa Fam\u00edlia, ainda n\u00e3o tem previs\u00e3o or\u00e7ament\u00e1ria garantida. A base do governo Bolsonaro condiciona os recursos do programa \u00e0 aprova\u00e7\u00e3o da chamada\u00a0<a href=\"https:\/\/www.redebrasilatual.com.br\/politica\/2021\/11\/governo-bolsonaro-faz-pressao-para-que-camara-aprove-pec-dos-precatorios\/\">PEC dos Precat\u00f3rios<\/a>, prevista para ser votada nesta quarta-feira (3) na C\u00e2mara dos Deputados.<\/p>\n<p>\u201cN\u00e3o s\u00f3 n\u00e3o h\u00e1 defini\u00e7\u00e3o, como h\u00e1 um\u00a0<a href=\"https:\/\/www.redebrasilatual.com.br\/cidadania\/2021\/10\/auxilio-brasil-abandona-criterios-do-bolsa-familia-e-desmonta-rede-de-protecao-social\/\">desmonte da estrutura<\/a>\u00a0t\u00e3o bem-sucedida do Bolsa Fam\u00edlia. \u00c9 lament\u00e1vel\u201d, disse Fausto, em entrevista a Glauco Faria, para o\u00a0<em><a href=\"https:\/\/www.youtube.com\/watch?v=inxPh8y24N0&amp;t=894s\">Jornal Brasil Atual<\/a><\/em>. Para ele, trata-se de uma proposta \u201celeitoreira\u201d, que revela o desprezo do atual governo com o social.<\/p>\n<p>Fausto anota que o Aux\u00edlio Brasil est\u00e1 previsto para funcionar apenas at\u00e9 o final do ano que vem. \u201cAp\u00f3s o ano eleitoral, a depender do que possa acontecer, simplesmente essas pessoas ficar\u00e3o com mais dificuldades ainda\u201d, destacou.<\/p>\n<p>Al\u00e9m disso, a cobertura do novo programa tamb\u00e9m \u00e9 insuficiente. No m\u00eas passado, foram 39 milh\u00f5es de fam\u00edlias que receberam a \u00faltima parcela do\u00a0<a href=\"https:\/\/www.redebrasilatual.com.br\/cidadania\/2021\/10\/fim-do-auxilio-emergencial-vai-deixar-milhoes-em-situacao-de-vulnerabilidade\/\">aux\u00edlio emergencial<\/a>, enquanto o Aux\u00edlio Brasil deve atender a apenas 17 milh\u00f5es de fam\u00edlias.<\/p>\n<p>\u201cNo meio de tudo isso, ainda temos uma infla\u00e7\u00e3o de dois d\u00edgitos, puxada principalmente pelos combust\u00edveis e energia el\u00e9trica, itens que s\u00e3o insubstitu\u00edveis. Quando a gente olha para esse cen\u00e1rio, vemos o qu\u00e3o complicado \u00e9 um governo que simplesmente colocada de lado a quest\u00e3o social. Na pior das hip\u00f3teses, trata essa quest\u00e3o a partir de uma vis\u00e3o eleitoreira\u201d, afirmou Fausto.<\/p>\n<h2><span style=\"text-decoration: underline;\">\u2018Bolsa banqueiro\u2019<\/span><\/h2>\n<p>Por outro lado, ele relacionou as incertezas que permeiam a implementa\u00e7\u00e3o do novo programa \u00e0s convic\u00e7\u00f5es que v\u00eam embalando a escalada da taxa b\u00e1sica de juros. Na \u00faltima reuni\u00e3o, o Comit\u00ea de Pol\u00edtica Monet\u00e1ria\u00a0(Copom) do Banco Central (BC)\u00a0<a href=\"https:\/\/www.redebrasilatual.com.br\/economia\/2021\/10\/copom-intensifica-alta-juros-inflacao-sobe\/\">elevou a Selic em 1,50 ponto percentual<\/a>, fixada em 7,75% ao ano. \u00c9 a maior taxa desde setembro de 2017.\u00a0Segundo c\u00e1lculos do pr\u00f3prio BC, para cada aumento de um\u00a0ponto percentual\u00a0nos\u00a0juros, o custo da\u00a0d\u00edvida\u00a0p\u00fablica sobe R$ 31,8\u00a0bilh\u00f5es ao ano.<\/p>\n<p>Nesse sentido, o diretor do Dieese destaca que o custo com a eleva\u00e7\u00e3o da Selic supera, e muito, o montante que o governo espera gastar no Aux\u00edlio Brasil. Para 2022, o novo programa deve custar R$ 84,7 bilh\u00f5es, segundo o minist\u00e9rio da Cidadania. No entanto, somente neste ano, a Selic subiu mais de 5 pontos percentuais, acumulando gastos que superam R$ 500 bilh\u00f5es.<\/p>\n<p>\u201cOu seja, de um lado, estamos vendo recursos para os pobres sendo retirados e direitos sociais sendo descontru\u00eddos. De outro, mais recursos saindo dos nossos impostos para o setor financeiro\u201d, disse Fausto. Para ele, trata-se de uma op\u00e7\u00e3o deliberada pelo agravamento das desigualdades sociais do pa\u00eds.<\/p>\n<p><strong>Fonte: Rede Brasil Atual<\/strong><\/p>\n","protected":false},"excerpt":{"rendered":"<p>O diretor t\u00e9cnico do Dieese, Fausto Augusto Junior, criticou as indefini\u00e7\u00f5es a respeito do Aux\u00edlio Brasil. O novo programa, substituto do Bolsa Fam\u00edlia, ainda n\u00e3o tem previs\u00e3o or\u00e7ament\u00e1ria garantida. A base do governo Bolsonaro condiciona os recursos do programa \u00e0 aprova\u00e7\u00e3o da chamada\u00a0PEC dos Precat\u00f3rios, prevista para ser votada nesta quarta-feira (3) na C\u00e2mara dos [&hellip;]<\/p>\n","protected":false},"author":2,"featured_media":11694,"comment_status":"","ping_status":"","sticky":false,"template":"","format":"standard","meta":{"footnotes":""},"categories":[3],"tags":[],"class_list":["post-11695","post","type-post","status-publish","format-standard","has-post-thumbnail","hentry","category-noticias"],"_links":{"self":[{"href":"https:\/\/hostnetart.com.br\/baixada\/wp-json\/wp\/v2\/posts\/11695","targetHints":{"allow":["GET"]}}],"collection":[{"href":"https:\/\/hostnetart.com.br\/baixada\/wp-json\/wp\/v2\/posts"}],"about":[{"href":"https:\/\/hostnetart.com.br\/baixada\/wp-json\/wp\/v2\/types\/post"}],"author":[{"embeddable":true,"href":"https:\/\/hostnetart.com.br\/baixada\/wp-json\/wp\/v2\/users\/2"}],"replies":[{"embeddable":true,"href":"https:\/\/hostnetart.com.br\/baixada\/wp-json\/wp\/v2\/comments?post=11695"}],"version-history":[{"count":0,"href":"https:\/\/hostnetart.com.br\/baixada\/wp-json\/wp\/v2\/posts\/11695\/revisions"}],"wp:featuredmedia":[{"embeddable":true,"href":"https:\/\/hostnetart.com.br\/baixada\/wp-json\/wp\/v2\/media\/11694"}],"wp:attachment":[{"href":"https:\/\/hostnetart.com.br\/baixada\/wp-json\/wp\/v2\/media?parent=11695"}],"wp:term":[{"taxonomy":"category","embeddable":true,"href":"https:\/\/hostnetart.com.br\/baixada\/wp-json\/wp\/v2\/categories?post=11695"},{"taxonomy":"post_tag","embeddable":true,"href":"https:\/\/hostnetart.com.br\/baixada\/wp-json\/wp\/v2\/tags?post=11695"}],"curies":[{"name":"wp","href":"https:\/\/api.w.org\/{rel}","templated":true}]}}