{"id":11691,"date":"2021-11-01T17:34:14","date_gmt":"2021-11-01T20:34:14","guid":{"rendered":"https:\/\/hostnetart.com.br\/baixada\/novembro-azul-homem-que-se-cuida-tem-atitude\/"},"modified":"2021-11-01T17:34:14","modified_gmt":"2021-11-01T20:34:14","slug":"novembro-azul-homem-que-se-cuida-tem-atitude","status":"publish","type":"post","link":"https:\/\/hostnetart.com.br\/baixada\/novembro-azul-homem-que-se-cuida-tem-atitude\/","title":{"rendered":"Novembro Azul: homem que se cuida tem atitude!"},"content":{"rendered":"<p>Nesta segunda-feira, dia 1\u00ba, inicia-se o Novembro Azul, m\u00eas de preven\u00e7\u00e3o e conscientiza\u00e7\u00e3o sobre o c\u00e2ncer de pr\u00f3stata.<\/p>\n<p>O c\u00e2ncer de pr\u00f3stata \u00e9 o tipo de c\u00e2ncer mais comum em homens, segundo dados do Instituto Nacional de C\u00e2ncer (Inca), com 21,25% das novas incid\u00eancias.<\/p>\n<p>A estimativa para cada ano do tri\u00eanio 2020-2022 \u00e9 de que ser\u00e3o diagnosticados 66 mil novos casos de c\u00e2ncer de pr\u00f3stata no pa\u00eds.<\/p>\n<p>PREVINA-SE.<\/p>\n","protected":false},"excerpt":{"rendered":"<p>Nesta segunda-feira, dia 1\u00ba, inicia-se o Novembro Azul, m\u00eas de preven\u00e7\u00e3o e conscientiza\u00e7\u00e3o sobre o c\u00e2ncer de pr\u00f3stata. O c\u00e2ncer de pr\u00f3stata \u00e9 o tipo de c\u00e2ncer mais comum em homens, segundo dados do Instituto Nacional de C\u00e2ncer (Inca), com 21,25% das novas incid\u00eancias. A estimativa para cada ano do tri\u00eanio 2020-2022 \u00e9 de que [&hellip;]<\/p>\n","protected":false},"author":2,"featured_media":11690,"comment_status":"","ping_status":"","sticky":false,"template":"","format":"standard","meta":{"footnotes":""},"categories":[3],"tags":[],"class_list":["post-11691","post","type-post","status-publish","format-standard","has-post-thumbnail","hentry","category-noticias"],"_links":{"self":[{"href":"https:\/\/hostnetart.com.br\/baixada\/wp-json\/wp\/v2\/posts\/11691","targetHints":{"allow":["GET"]}}],"collection":[{"href":"https:\/\/hostnetart.com.br\/baixada\/wp-json\/wp\/v2\/posts"}],"about":[{"href":"https:\/\/hostnetart.com.br\/baixada\/wp-json\/wp\/v2\/types\/post"}],"author":[{"embeddable":true,"href":"https:\/\/hostnetart.com.br\/baixada\/wp-json\/wp\/v2\/users\/2"}],"replies":[{"embeddable":true,"href":"https:\/\/hostnetart.com.br\/baixada\/wp-json\/wp\/v2\/comments?post=11691"}],"version-history":[{"count":0,"href":"https:\/\/hostnetart.com.br\/baixada\/wp-json\/wp\/v2\/posts\/11691\/revisions"}],"wp:featuredmedia":[{"embeddable":true,"href":"https:\/\/hostnetart.com.br\/baixada\/wp-json\/wp\/v2\/media\/11690"}],"wp:attachment":[{"href":"https:\/\/hostnetart.com.br\/baixada\/wp-json\/wp\/v2\/media?parent=11691"}],"wp:term":[{"taxonomy":"category","embeddable":true,"href":"https:\/\/hostnetart.com.br\/baixada\/wp-json\/wp\/v2\/categories?post=11691"},{"taxonomy":"post_tag","embeddable":true,"href":"https:\/\/hostnetart.com.br\/baixada\/wp-json\/wp\/v2\/tags?post=11691"}],"curies":[{"name":"wp","href":"https:\/\/api.w.org\/{rel}","templated":true}]}}