{"id":1169,"date":"2013-07-03T00:00:00","date_gmt":"2013-07-03T03:00:00","guid":{"rendered":"https:\/\/hostnetart.com.br\/baixada\/executiva-da-contraf-cut-reforca-mobilizacao-contra-pl-4330-nesta-quinta\/"},"modified":"2013-07-03T00:00:00","modified_gmt":"2013-07-03T03:00:00","slug":"executiva-da-contraf-cut-reforca-mobilizacao-contra-pl-4330-nesta-quinta","status":"publish","type":"post","link":"https:\/\/hostnetart.com.br\/baixada\/executiva-da-contraf-cut-reforca-mobilizacao-contra-pl-4330-nesta-quinta\/","title":{"rendered":"Executiva da Contraf-CUT refor\u00e7a mobiliza\u00e7\u00e3o contra PL 4330 nesta quinta"},"content":{"rendered":"<p>A Executiva da Contraf-CUT, reunida nesta segunda-feira (1\u00ba) em S\u00e3o Paulo, refor\u00e7ou o dia de mobiliza\u00e7\u00e3o nacional, a ser realizado nesta quinta (4), contra o substitutivo do deputado federal Artur Maia (PMDB-BA), relator do Projeto de Lei (PL) 4330\/2004 do deputado federal Sandro Mabel (PMDB-GO), que regulamenta a terceiriza\u00e7\u00e3o no pa\u00eds segundo uma \u00f3tica eminentemente empresarial, na medida em que flexibiliza e reduz direitos trabalhistas garantidos nos acordos e conven\u00e7\u00f5es coletivas, na CLT e na Constitui\u00e7\u00e3o Federal, pois trata de modo diferente os trabalhadores contratados diretamente e os terceirizados, liberando por completo a terceiriza\u00e7\u00e3o. A atividade vem sendo convocada tamb\u00e9m CUT, que est\u00e1 chamando as demais categorias de trabalhadores.<\/p>\n<p>\u00a0<\/p>\n<p>\u201cEstamos intensificando a organiza\u00e7\u00e3o de paralisa\u00e7\u00f5es em todo o Brasil como forma de advert\u00eancia contra esse projeto danoso, que visa t\u00e3o somente diminuir o custo das empresas e precarizar o emprego e os direitos dos trabalhadores\u201d, afirma Carlos Cordeiro, presidente da Contraf-CUT.<\/p>\n<p>\u00a0<\/p>\n<p>\u201cTodos os nossos sindicatos dever\u00e3o organizar paralisa\u00e7\u00f5es contra o PL da terceiriza\u00e7\u00e3o. Precisamos destacar tamb\u00e9m que n\u00e3o somos contra os terceirizados. Muito pelo contr\u00e1rio, queremos respeito e valoriza\u00e7\u00e3o para todos, mas esse projeto n\u00e3o melhorar\u00e1 em nada a vida dos trabalhadores e aumentar\u00e1 ainda mais a concentra\u00e7\u00e3o de renda no pa\u00eds\u201d, destaca o dirigente sindical.<\/p>\n<p>\u00a0<\/p>\n<p>\u201cSe aprovado, esse projeto levar\u00e1 ainda mais trabalhadores para a terceiriza\u00e7\u00e3o, reduzindo sal\u00e1rios e retirando direitos e conquistas, al\u00e9m de enfraquecer a organiza\u00e7\u00e3o sindical\u201d, salienta Miguel Pereira, secret\u00e1rio de Organiza\u00e7\u00e3o do Ramo Financeiro da Contraf-CUT.<\/p>\n<p>\u00a0<\/p>\n<p>Outra orienta\u00e7\u00e3o \u00e9 o envio de mensagens aos parlamentares e a organiza\u00e7\u00e3o de caravanas de dirigentes sindicais para acompanhar a reuni\u00e3o da Comiss\u00e3o de Constitui\u00e7\u00e3o e Justi\u00e7a e de Cidadania (CCJC) da C\u00e2mara dos Deputados, que ocorre na pr\u00f3xima ter\u00e7a (9), \u00e0s 14h, quando o PL 4330 estar\u00e1 na pauta de vota\u00e7\u00e3o.<\/p>\n<p>\u00a0<\/p>\n<p>Clique\u00a0<a href=\"http:\/\/www2.camara.leg.br\/atividade-legislativa\/comissoes\/comissoes-permanentes\/ccjc\/conheca\/membros\" target=\"_blank\" rel=\"noopener noreferrer\">aqui<\/a>\u00a0para remeter e-mail aos integrantes da CCJC.<\/p>\n<p>\u00a0<\/p>\n<p>\u201cVamos pressionar os deputados para evitar a aprova\u00e7\u00e3o desse projeto nocivo ao emprego de milh\u00f5es de trabalhadores do Brasil\u201d, aponta Carlos Cordeiro.<\/p>\n<p>\u00a0<\/p>\n<p>A Contraf-CUT j\u00e1 disponibilizou um folder espec\u00edfico aos sindicatos e federa\u00e7\u00f5es, mostrando os preju\u00edzos irrepar\u00e1veis para os trabalhadores, especialmente aos banc\u00e1rios, caso o PL 4330 seja aprovado.<\/p>\n<p>\u00a0<\/p>\n<p>Clique\u00a0<a href=\"http:\/\/www.contrafcut.org.br\/download\/Arquivo\/1362721636.pdf\" target=\"_blank\" rel=\"noopener noreferrer\">aqui<\/a>\u00a0para ver o folder contra o PL 4330.<\/p>\n<p>\u00a0<\/p>\n<p>Nesta quarta-feira (3) ocorre a primeira reuni\u00e3o quadripartite com representantes de trabalhadores, governo federal, empres\u00e1rios e parlamentares para discutir o PL da precariza\u00e7\u00e3o. \u201cO grupo foi formado ap\u00f3s muita press\u00e3o da CUT e das centrais sindicais junto ao governo e ao Congresso\u201d, salienta o presidente da Contraf-CUT.<\/p>\n<p>\u00a0<\/p>\n<p>Tamb\u00e9m foi decidido orientar os sindicatos e federa\u00e7\u00f5es de banc\u00e1rios a participar ativamente do dia nacional de luta a ser realizado no pr\u00f3ximo dia 11 pela pauta unit\u00e1ria das centrais sindicais que inclui:<\/p>\n<p>\u00a0<\/p>\n<p>&#8211; contra o PL 4330, da \u201cterceiriza\u00e7\u00e3o\u201d, que retira direitos dos trabalhadores brasileiros e precariza ainda mais as rela\u00e7\u00f5es de trabalho no Brasil; esse Projeto precisa ser varrido imediatamente da pauta do Congresso Nacional;<\/p>\n<p>\u00a0<\/p>\n<p>&#8211; que as redu\u00e7\u00f5es de tarifa do transporte n\u00e3o sejam acompanhadas de qualquer corte dos gastos sociais;<\/p>\n<p>\u00a0<\/p>\n<p>&#8211; 10% do or\u00e7amento da Uni\u00e3o para a sa\u00fade p\u00fablica;<\/p>\n<p>\u00a0<\/p>\n<p>&#8211; 10% do PIB para a educa\u00e7\u00e3o p\u00fablica, \u201cverbas p\u00fablicas s\u00f3 para o setor p\u00fablico\u201d;<\/p>\n<p>\u00a0<\/p>\n<p>&#8211; fim do fator previdenci\u00e1rio;<\/p>\n<p>\u00a0<\/p>\n<p>&#8211; redu\u00e7\u00e3o da jornada de trabalho para 40 horas sem redu\u00e7\u00e3o de sal\u00e1rios;<\/p>\n<p>\u00a0<\/p>\n<p>&#8211; Reforma Agr\u00e1ria;<\/p>\n<p>\u00a0<\/p>\n<p>&#8211; suspens\u00e3o dos leil\u00f5es de petr\u00f3leo.<\/p>\n<p>\u00a0<\/p>\n<p>A CUT defende esses pontos unit\u00e1rios, mas, em conjunto com os movimentos sociais, levantar\u00e1 tamb\u00e9m, na prepara\u00e7\u00e3o das atividades, a luta pela democratiza\u00e7\u00e3o da m\u00eddia e por uma reforma pol\u00edtica que passe por um plebiscito popular.<\/p>\n<p>\u00a0<\/p>\n<p>Fonte: Contraf-CUT<\/p>\n","protected":false},"excerpt":{"rendered":"<p>A Executiva da Contraf-CUT, reunida nesta segunda-feira (1\u00ba) em S\u00e3o Paulo, refor\u00e7ou o dia de mobiliza\u00e7\u00e3o nacional, a ser realizado nesta quinta (4), contra o substitutivo do deputado federal Artur Maia (PMDB-BA), relator do Projeto de Lei (PL) 4330\/2004 do deputado federal Sandro Mabel (PMDB-GO), que regulamenta a terceiriza\u00e7\u00e3o no pa\u00eds segundo uma \u00f3tica eminentemente [&hellip;]<\/p>\n","protected":false},"author":1,"featured_media":0,"comment_status":"","ping_status":"","sticky":false,"template":"","format":"standard","meta":{"footnotes":""},"categories":[3],"tags":[],"class_list":["post-1169","post","type-post","status-publish","format-standard","hentry","category-noticias"],"_links":{"self":[{"href":"https:\/\/hostnetart.com.br\/baixada\/wp-json\/wp\/v2\/posts\/1169","targetHints":{"allow":["GET"]}}],"collection":[{"href":"https:\/\/hostnetart.com.br\/baixada\/wp-json\/wp\/v2\/posts"}],"about":[{"href":"https:\/\/hostnetart.com.br\/baixada\/wp-json\/wp\/v2\/types\/post"}],"author":[{"embeddable":true,"href":"https:\/\/hostnetart.com.br\/baixada\/wp-json\/wp\/v2\/users\/1"}],"replies":[{"embeddable":true,"href":"https:\/\/hostnetart.com.br\/baixada\/wp-json\/wp\/v2\/comments?post=1169"}],"version-history":[{"count":0,"href":"https:\/\/hostnetart.com.br\/baixada\/wp-json\/wp\/v2\/posts\/1169\/revisions"}],"wp:attachment":[{"href":"https:\/\/hostnetart.com.br\/baixada\/wp-json\/wp\/v2\/media?parent=1169"}],"wp:term":[{"taxonomy":"category","embeddable":true,"href":"https:\/\/hostnetart.com.br\/baixada\/wp-json\/wp\/v2\/categories?post=1169"},{"taxonomy":"post_tag","embeddable":true,"href":"https:\/\/hostnetart.com.br\/baixada\/wp-json\/wp\/v2\/tags?post=1169"}],"curies":[{"name":"wp","href":"https:\/\/api.w.org\/{rel}","templated":true}]}}