{"id":11687,"date":"2021-11-01T03:58:20","date_gmt":"2021-11-01T06:58:20","guid":{"rendered":"https:\/\/hostnetart.com.br\/baixada\/em-defesa-do-acolhimento-as-familias-vitimas-da-covid-19\/"},"modified":"2021-11-01T03:58:20","modified_gmt":"2021-11-01T06:58:20","slug":"em-defesa-do-acolhimento-as-familias-vitimas-da-covid-19","status":"publish","type":"post","link":"https:\/\/hostnetart.com.br\/baixada\/em-defesa-do-acolhimento-as-familias-vitimas-da-covid-19\/","title":{"rendered":"Em defesa do acolhimento \u00e0s fam\u00edlias v\u00edtimas da covid-19"},"content":{"rendered":"<p>Na maior trag\u00e9dia humana que o pa\u00eds j\u00e1 enfrentou em sua hist\u00f3ria, onde o maior representante da na\u00e7\u00e3o colocou os brasileiros no corredor da morte e da mis\u00e9ria ao n\u00e3o combater a pandemia da covid-19 de maneira respons\u00e1vel e de acordo com estudos cient\u00edficos, n\u00f3s, representantes do povo no Congresso Nacional, temos a obriga\u00e7\u00e3o de defender a vida e os direitos das pessoas em meio ao caos implantado pelo governo Bolsonaro.<\/p>\n<p>Os atos diretos do presidente da Rep\u00fablica investigados pela Comiss\u00e3o Parlamentar de Inqu\u00e9rito (CPI) da pandemia, comprovam a atitude irrespons\u00e1vel de colocar em risco a popula\u00e7\u00e3o brasileira e n\u00e3o podemos descansar enquanto Bolsonaro e membros do seu governo sejam punidos no Brasil e nos tribunais internacionais penais pelos crimes que cometeram.<\/p>\n<p>Sou membro da Comiss\u00e3o de Seguridade Social e Fam\u00edlia na C\u00e2mara dos Deputados e aprovamos o Projeto de Lei 2.671\/21 de minha relatoria, que cria a Semana Nacional em Apoio e Defesa dos Direitos das V\u00edtimas da Covid-19, iniciada todos os anos em 17 de outubro, dia que \u00e9 celebrado o Dia Nacional da Vacina\u00e7\u00e3o. Este projeto prop\u00f5e que seja\u00a0 lembrado o papel da vacina\u00e7\u00e3o no controle da pandemia no pa\u00eds.<\/p>\n<p>Institu\u00edda em \u00e2mbito nacional, a semana ser\u00e1 destinada para que governos estaduais e municipais promovam campanhas educativas, debates, palestras e mobilizem a sociedade para que seja mantida na mem\u00f3ria do povo brasileiro a import\u00e2ncia da imuniza\u00e7\u00e3o.<\/p>\n<p>Elaborado em parceria com a Associa\u00e7\u00e3o Vida e Justi\u00e7a em Apoio e Defesa dos Direitos das V\u00edtimas da Covid-19, o projeto tamb\u00e9m tem por objetivo levar informa\u00e7\u00e3o sobre os danos sanit\u00e1rios, psicol\u00f3gicos e sociais da pandemia.<\/p>\n<p>Fam\u00edlias e pessoas que foram e ainda s\u00e3o v\u00edtimas da Covid-19 precisam de acolhimento, em especial os \u00f3rf\u00e3os desta pandemia. De acordo com estudos publicados, o Brasil conta com mais de 100 mil \u00f3rf\u00e3os da Covid-19. Brasileiros de 12 a 19 anos que tinham como esteios da fam\u00edlia m\u00e3es, pais, av\u00f3s e av\u00f4s que foram v\u00edtimas da doen\u00e7a.<\/p>\n<p>Sou autor do Projeto de Lei 2.333\/21 que garante o direito de pens\u00e3o por morte ao adolescente cujo genitor falecer em decorr\u00eancia do coronav\u00edrus e tamb\u00e9m do Projeto de Lei 1.820\/21 que cria a Pol\u00edtica de Aten\u00e7\u00e3o Integral \u00e0s v\u00edtimas e familiares da pandemia, ela assegura a garantia da plena recupera\u00e7\u00e3o das sequelas f\u00edsicas e dos impactos sociais desenvolvidos.<\/p>\n<p>Em defesa dos profissionais da sa\u00fade e dos servi\u00e7os de assist\u00eancia social, aprovamos a Lei\u00a0 N\u00ba 14.128\/21, minha proposta que garante indeniza\u00e7\u00e3o aos familiares desses profissionais em caso de morte no enfrentamento \u00e0 pandemia.<\/p>\n<p class=\"has-background has-text-align-center has-very-light-gray-background-color\">Os desafios do Brasil no p\u00f3s-pandemia s\u00e3o gigantes. Na \u00e1rea da sa\u00fade, por exemplo, temos a preocupa\u00e7\u00e3o do cuidado dos problemas de sa\u00fade que foram represados durante esses quase dois anos, como exames, consultas e cirurgias que n\u00e3o eram de urg\u00eancia e que foram desmarcados. Al\u00e9m do fortalecimento da aten\u00e7\u00e3o social, precisamos lutar pelo endurecimento de pol\u00edticas e recursos destinados ao SUS para que possamos reduzir os sofrimentos f\u00edsicos e ps\u00edquicos causados pela pandemia.<\/p>\n<hr class=\"wp-block-separator\" \/>\n<p><em>*<a href=\"https:\/\/www.camara.leg.br\/deputados\/204503\" target=\"_blank\" rel=\"noopener noreferrer\"><strong>Alexandre Padilha<\/strong><\/a>\u00a0\u00e9 m\u00e9dico, professor universit\u00e1rio e deputado federal (PT-SP). Foi Ministro da Coordena\u00e7\u00e3o Pol\u00edtica de Lula, Ministro da Sa\u00fade de Dilma e Secret\u00e1rio de Sa\u00fade na gest\u00e3o Fernando Haddad na cidade de SP.<\/em><\/p>\n<p><strong>Fonte: Rede Brasil Atual<\/strong><\/p>\n","protected":false},"excerpt":{"rendered":"<p>Na maior trag\u00e9dia humana que o pa\u00eds j\u00e1 enfrentou em sua hist\u00f3ria, onde o maior representante da na\u00e7\u00e3o colocou os brasileiros no corredor da morte e da mis\u00e9ria ao n\u00e3o combater a pandemia da covid-19 de maneira respons\u00e1vel e de acordo com estudos cient\u00edficos, n\u00f3s, representantes do povo no Congresso Nacional, temos a obriga\u00e7\u00e3o de [&hellip;]<\/p>\n","protected":false},"author":2,"featured_media":11686,"comment_status":"","ping_status":"","sticky":false,"template":"","format":"standard","meta":{"footnotes":""},"categories":[3],"tags":[],"class_list":["post-11687","post","type-post","status-publish","format-standard","has-post-thumbnail","hentry","category-noticias"],"_links":{"self":[{"href":"https:\/\/hostnetart.com.br\/baixada\/wp-json\/wp\/v2\/posts\/11687","targetHints":{"allow":["GET"]}}],"collection":[{"href":"https:\/\/hostnetart.com.br\/baixada\/wp-json\/wp\/v2\/posts"}],"about":[{"href":"https:\/\/hostnetart.com.br\/baixada\/wp-json\/wp\/v2\/types\/post"}],"author":[{"embeddable":true,"href":"https:\/\/hostnetart.com.br\/baixada\/wp-json\/wp\/v2\/users\/2"}],"replies":[{"embeddable":true,"href":"https:\/\/hostnetart.com.br\/baixada\/wp-json\/wp\/v2\/comments?post=11687"}],"version-history":[{"count":0,"href":"https:\/\/hostnetart.com.br\/baixada\/wp-json\/wp\/v2\/posts\/11687\/revisions"}],"wp:featuredmedia":[{"embeddable":true,"href":"https:\/\/hostnetart.com.br\/baixada\/wp-json\/wp\/v2\/media\/11686"}],"wp:attachment":[{"href":"https:\/\/hostnetart.com.br\/baixada\/wp-json\/wp\/v2\/media?parent=11687"}],"wp:term":[{"taxonomy":"category","embeddable":true,"href":"https:\/\/hostnetart.com.br\/baixada\/wp-json\/wp\/v2\/categories?post=11687"},{"taxonomy":"post_tag","embeddable":true,"href":"https:\/\/hostnetart.com.br\/baixada\/wp-json\/wp\/v2\/tags?post=11687"}],"curies":[{"name":"wp","href":"https:\/\/api.w.org\/{rel}","templated":true}]}}