{"id":11685,"date":"2021-11-01T03:54:28","date_gmt":"2021-11-01T06:54:28","guid":{"rendered":"https:\/\/hostnetart.com.br\/baixada\/projeto-quer-garantir-que-sus-atenda-demanda-represada-na-pandemia\/"},"modified":"2021-11-01T03:54:28","modified_gmt":"2021-11-01T06:54:28","slug":"projeto-quer-garantir-que-sus-atenda-demanda-represada-na-pandemia","status":"publish","type":"post","link":"https:\/\/hostnetart.com.br\/baixada\/projeto-quer-garantir-que-sus-atenda-demanda-represada-na-pandemia\/","title":{"rendered":"Projeto quer garantir que SUS atenda demanda represada na pandemia"},"content":{"rendered":"<p>A deputada federal e presidenta do PT, Gleisi Hoffmann (PR), defende no Congresso um projeto para que o Sistema \u00danico de Sa\u00fade (SUS) mantenha a estrutura emergencial criada para o atendimento de pacientes com\u00a0<a href=\"https:\/\/www.redebrasilatual.com.br\/tag\/coronavirus\/\" target=\"_blank\" rel=\"noopener noreferrer\">covid-19<\/a>. Apesar da efic\u00e1cia da vacina\u00e7\u00e3o, com redu\u00e7\u00e3o no n\u00famero de interna\u00e7\u00f5es, permanece o receio de que leitos e ambulat\u00f3rios abertos durante a pandemia sejam precocemente desmontados. Isso porque o surto provocou grande represamento da demanda de pacientes que deixaram de buscar assist\u00eancia desde mar\u00e7o do ano passado. O\u00a0<a href=\"https:\/\/pt.scribd.com\/document\/532441558\/PL-3468-2021#from_embed\" target=\"_blank\" rel=\"noopener noreferrer\">projeto de lei 3.468\/21<\/a>, de autoria da parlamentar, busca sanar este d\u00e9ficit. \u201cCom praticamente todos os leitos voltados para combater o coronav\u00edrus, a realiza\u00e7\u00e3o de cirurgias eletivas, de fundamental import\u00e2ncia para a manuten\u00e7\u00e3o da sa\u00fade de muitas pessoas, ficou comprometida\u201d, afirma Gleisi em seu PL.<\/p>\n<p>Os n\u00fameros da demanda represada comprovam a necessidade apontada pela parlamentar. De acordo com o Conselho Federal de Medicina (CFM), cerca de 30 milh\u00f5es de procedimentos m\u00e9dicos ambulatoriais do SUS deixaram de ser realizados no per\u00edodo. O \u00f3rg\u00e3o informa que \u201crestri\u00e7\u00f5es de acesso aos hospitais, contingenciamento de leitos para o tratamento da covid-19 e o medo de pacientes em procurar ajuda m\u00e9dica em fun\u00e7\u00e3o do risco de contamina\u00e7\u00e3o provocaram a queda\u201d.<\/p>\n<p>Uma compara\u00e7\u00e3o entre o volume de atendimentos m\u00e9dicos \u2013 entre exames com finalidade diagn\u00f3stica, procedimentos cl\u00ednicos, cirurgias ambulatoriais, al\u00e9m de transplantes de \u00f3rg\u00e3os, tecidos e c\u00e9lulas \u2013 entre mar\u00e7o e dezembro de 2020 e o mesmo per\u00edodo do ano anterior, revela o represamento. \u201cPor exemplo, os procedimentos realizados por oftalmologistas, sobretudo consultas e exames de mapeamento de retina e aferi\u00e7\u00e3o da press\u00e3o intraocular (tonometria), ca\u00edram de 18,5 milh\u00f5es em 2019 (mar\u00e7o a dezembro) para 12,2 milh\u00f5es. Um d\u00e9ficit de pelo menos 6,3 milh\u00f5es (-34%) entre os per\u00edodos analisados\u201d, informa a entidade.<\/p>\n<h2>Mais n\u00fameros<\/h2>\n<p>Dados do Sistema de Informa\u00e7\u00f5es Ambulatoriais do Minist\u00e9rio da Sa\u00fade d\u00e3o conta de que a queda em procedimentos com finalidade diagn\u00f3stica foi de 20% em 2020, em compara\u00e7\u00e3o a 2019. Percentual que deve se repetir em 2021. Procedimentos essenciais para o atendimento \u00e0 sa\u00fade da popula\u00e7\u00e3o, como tomografias, mamografias e cirurgias de praticamente todas as especialidades m\u00e9dicas. \u201cOs\u00a0procedimentos\u00a0n\u00e3o\u00a0realizados\u00a0por\u00a0causa\u00a0da pandemia ampliaram ainda mais a fila de cirurgias do SUS, j\u00e1 extensa\u00a0antes\u00a0da\u00a0pandemia\u201d, relata Gleisi.<\/p>\n<div class=\"widget-area-inside-single-content\">\u00a0<\/div>\n<p>Uma pesquisa feita pela Sociedade Brasileira de Patologia Cl\u00ednica\/Medicina Laboratorial (<strong><a href=\"https:\/\/medicinasa.com.br\/tag\/sbpc-ml\/\">SBPC\/ML<\/a><\/strong>) e pela C\u00e2mara Brasileira de Diagn\u00f3stico Laboratorial (<strong><a href=\"https:\/\/medicinasa.com.br\/tag\/cbdl\/\">CBDL<\/a><\/strong>)\u00a0em mar\u00e7o deste ano apontou que 43% dos entrevistados reduziram a busca por consultas m\u00e9dicas durante a pandemia. \u201cO descuido com a sa\u00fade aumentou durante o per\u00edodo de pandemia, tanto na preven\u00e7\u00e3o com idas ao m\u00e9dico para acompanhamento das doen\u00e7as e preven\u00e7\u00e3o pelos exames laboratoriais, como pelos cuidados com uma vida mais saud\u00e1vel\u201d, aponta a revista especializada\u00a0<a href=\"https:\/\/medicinasa.com.br\/covid-consultas\/\" target=\"_blank\" rel=\"noopener noreferrer\"><strong>Medicina S\/A<\/strong><\/a>.<\/p>\n<div class=\"wp-block-image\">\n<figure class=\"aligncenter size-large\"><img decoding=\"async\" class=\"wp-image-525772 lazyloaded\" src=\"https:\/\/www.redebrasilatual.com.br\/wp-content\/uploads\/2021\/10\/pha.jpg\" sizes=\"(max-width: 756px) 100vw, 756px\" srcset=\"https:\/\/www.redebrasilatual.com.br\/wp-content\/uploads\/2021\/10\/pha.jpg 756w, https:\/\/www.redebrasilatual.com.br\/wp-content\/uploads\/2021\/10\/pha-360x170.jpg 360w\" alt=\"demanda represada\" data-ll-status=\"loaded\" \/><figcaption>N\u00fameros revelam demanda represada em procedimentos no SUS. Fonte: CFM<\/figcaption><\/figure>\n<\/div>\n<h2>Reflexos<\/h2>\n<p>Apenas 2% das pessoas aumentaram a frequ\u00eancia junto a unidades hospitalares, sejam privadas ou da estrutura do SUS, segundo a publica\u00e7\u00e3o, levadas por: ansiedade agravamento de diabetes e acompanhamento de exames, entre outras motiva\u00e7\u00f5es. A pesquisa tamb\u00e9m detectou que 58% dos entrevistados decidiram adiar a realiza\u00e7\u00e3o de exames laboratoriais, especialmente exames de\u00a0sangue, mamografias, preventivo de colo de \u00fatero e eletrocardiograma.<\/p>\n<p>\u201cO reflexo da covid-19 na sa\u00fade dos brasileiros ser\u00e1 sentido ao longo dos pr\u00f3ximos anos, pois a preven\u00e7\u00e3o foi deixada de lado, e causar\u00e1 um impacto inevit\u00e1vel, principalmente no caso das doen\u00e7as cr\u00f4nicas que necessitam de constante monitoramento\u201d, afirma o presidente executivo da CBDL, Carlos Eduardo Gouv\u00eaa.<\/p>\n<h2>Mais problemas<\/h2>\n<p>Al\u00e9m da demanda represada, como o Brasil fracassou no combate ao coronav\u00edrus, existe um n\u00famero expressivo de pessoas curadas, mas com sequelas. Estudo\u00a0<a href=\"https:\/\/jamanetwork.com\/journals\/jamanetworkopen\/fullarticle\/2784918\" target=\"_blank\" rel=\"noopener noreferrer\">publicado no in\u00edcio deste m\u00eas<\/a>\u00a0no peri\u00f3dico cient\u00edfico\u00a0<em>Jama Network Open<\/em>\u00a0aponta que\u00a0<a href=\"https:\/\/www.redebrasilatual.com.br\/saude-e-ciencia\/2021\/10\/sequelas-covid-19-mais-da-metade-dos-curados\/\" target=\"_blank\" rel=\"noopener noreferrer\">mais da metade dos infectados tende a desenvolver algum tipo de sequela<\/a>. No Brasil, este n\u00famero significa mais de 10 milh\u00f5es de pessoas.<\/p>\n<p>\u201cA gente v\u00ea a propaganda oficial comemorando o n\u00famero de pessoas recuperadas. Mas o fato de a gente ter tantas pessoas recuperadas foi porque essas pessoas adoeceram. N\u00e3o tem como a gente n\u00e3o citar\u00a0todas as consequ\u00eancias das pessoas que tiveram covid nesse per\u00edodo\u201d , afirma o m\u00e9dico de fam\u00edlia e comunidade\u00a0Arist\u00f3teles Cardona, em\u00a0<a href=\"https:\/\/www.brasildefato.com.br\/2021\/09\/18\/sus-sera-colocado-a-prova-com-demanda-represada-ao-longo-da-pandemia\" target=\"_blank\" rel=\"noopener noreferrer\">entrevista para o\u00a0<strong>Brasil de Fato<\/strong><\/a>.<\/p>\n<h2>Verbas<\/h2>\n<p>Alguns estados j\u00e1 tocam com urg\u00eancia pol\u00edticas p\u00fablicas para ampliar a realiza\u00e7\u00e3o de exames e consultas. \u00c9 o\u00a0<a href=\"https:\/\/www.ma.gov.br\/agenciadenoticias\/?p=321796\" target=\"_blank\" rel=\"noopener noreferrer\">caso do Maranh\u00e3o<\/a>. \u201cEstamos atuando em regime de mutir\u00e3o, para compensar as perdas que tivemos na pandemia. Sabemos do represamento, que \u00e9 grande, de consultas, exames e cirurgias e estamos voltando \u00e0 normalidade do sistema de sa\u00fade, em regime de mutir\u00e3o\u201d, afirma o secret\u00e1rio de Estado da Sa\u00fade, Carlos Lula. A administra\u00e7\u00e3o do governador Flavio Dino (PSB) disponibilizou, inicialmente, 14 tendas e cinco consult\u00f3rios para realiza\u00e7\u00e3o de procedimentos oftalmol\u00f3gicos. A ideia \u00e9 expandir durante este fim de ano.<\/p>\n<p>Para a realiza\u00e7\u00e3o de a\u00e7\u00f5es como esta, o modelo de sa\u00fade p\u00fablica brasileiro prev\u00ea a necessidade de verbas emergenciais do governo federal. Este \u00e9 outro ponto central da proposta de Gleisi.<\/p>\n<p>\u201cO projeto prev\u00ea o incentivo do Minist\u00e9rio da Sa\u00fade aos estados e munic\u00edpios, para o financiamento de a\u00e7\u00f5es como mutir\u00f5es para a realiza\u00e7\u00e3o de exames de diagn\u00f3stico e de cirurgias eletivas, a fim de ampliar o acesso da popula\u00e7\u00e3o a esses procedimentos, possibilitando maior qualidade de vida a essas pessoas. que est\u00e3o h\u00e1 muito tempo \u00e0 espera da realiza\u00e7\u00e3o do seu tratamento.\u201d<\/p>\n<p><strong>Fonte: Rede Brasil Atual<\/strong><\/p>\n","protected":false},"excerpt":{"rendered":"<p>A deputada federal e presidenta do PT, Gleisi Hoffmann (PR), defende no Congresso um projeto para que o Sistema \u00danico de Sa\u00fade (SUS) mantenha a estrutura emergencial criada para o atendimento de pacientes com\u00a0covid-19. Apesar da efic\u00e1cia da vacina\u00e7\u00e3o, com redu\u00e7\u00e3o no n\u00famero de interna\u00e7\u00f5es, permanece o receio de que leitos e ambulat\u00f3rios abertos durante [&hellip;]<\/p>\n","protected":false},"author":2,"featured_media":11684,"comment_status":"","ping_status":"","sticky":false,"template":"","format":"standard","meta":{"footnotes":""},"categories":[3],"tags":[],"class_list":["post-11685","post","type-post","status-publish","format-standard","has-post-thumbnail","hentry","category-noticias"],"_links":{"self":[{"href":"https:\/\/hostnetart.com.br\/baixada\/wp-json\/wp\/v2\/posts\/11685","targetHints":{"allow":["GET"]}}],"collection":[{"href":"https:\/\/hostnetart.com.br\/baixada\/wp-json\/wp\/v2\/posts"}],"about":[{"href":"https:\/\/hostnetart.com.br\/baixada\/wp-json\/wp\/v2\/types\/post"}],"author":[{"embeddable":true,"href":"https:\/\/hostnetart.com.br\/baixada\/wp-json\/wp\/v2\/users\/2"}],"replies":[{"embeddable":true,"href":"https:\/\/hostnetart.com.br\/baixada\/wp-json\/wp\/v2\/comments?post=11685"}],"version-history":[{"count":0,"href":"https:\/\/hostnetart.com.br\/baixada\/wp-json\/wp\/v2\/posts\/11685\/revisions"}],"wp:featuredmedia":[{"embeddable":true,"href":"https:\/\/hostnetart.com.br\/baixada\/wp-json\/wp\/v2\/media\/11684"}],"wp:attachment":[{"href":"https:\/\/hostnetart.com.br\/baixada\/wp-json\/wp\/v2\/media?parent=11685"}],"wp:term":[{"taxonomy":"category","embeddable":true,"href":"https:\/\/hostnetart.com.br\/baixada\/wp-json\/wp\/v2\/categories?post=11685"},{"taxonomy":"post_tag","embeddable":true,"href":"https:\/\/hostnetart.com.br\/baixada\/wp-json\/wp\/v2\/tags?post=11685"}],"curies":[{"name":"wp","href":"https:\/\/api.w.org\/{rel}","templated":true}]}}