{"id":11683,"date":"2021-10-29T23:27:35","date_gmt":"2021-10-30T02:27:35","guid":{"rendered":"https:\/\/hostnetart.com.br\/baixada\/aprovado-modelo-de-gestao-e-custeio-do-saude-caixa\/"},"modified":"2021-10-29T23:27:35","modified_gmt":"2021-10-30T02:27:35","slug":"aprovado-modelo-de-gestao-e-custeio-do-saude-caixa","status":"publish","type":"post","link":"https:\/\/hostnetart.com.br\/baixada\/aprovado-modelo-de-gestao-e-custeio-do-saude-caixa\/","title":{"rendered":"Aprovado modelo de gest\u00e3o e custeio do Sa\u00fade Caixa"},"content":{"rendered":"<p>Por ampla maioria, as assembleias realizadas nas bases do Comando Nacional dos Banc\u00e1rios em todo pa\u00eds aprovaram o novo modelo de gest\u00e3o e custeio do plano de sa\u00fade dos empregados da ativa, aposentados e pensionistas da Caixa Econ\u00f4mica Federal, o Sa\u00fade Caixa.<\/p>\n<p>O modelo de custeio aprovado n\u00e3o traz altera\u00e7\u00f5es nos princ\u00edpios de solidariedade e no pacto intergeracional estabelecidos desde o in\u00edcio do Sa\u00fade Caixa. Tamb\u00e9m foi mantida a proporcionalidade do custeio entre os empregados (30%) e a Caixa (70%), limitado a 6,5%\u00a0 da folha de pagamentos e proventos, devido a uma altera\u00e7\u00e3o realizada pelo banco em seu estatuto.<\/p>\n<p>A altera\u00e7\u00e3o mais significativa \u00e9 a autoriza\u00e7\u00e3o de cobran\u00e7a de um valor extra na parcela de novembro de 2022 (quando \u00e9 pago o 13\u00ba sal\u00e1rio), para fazer frente \u00e0 necessidade de aumento de arrecada\u00e7\u00e3o para cobrir os 30% dos custos do plano que s\u00e3o de responsabilidade dos empregados.<\/p>\n","protected":false},"excerpt":{"rendered":"<p>Por ampla maioria, as assembleias realizadas nas bases do Comando Nacional dos Banc\u00e1rios em todo pa\u00eds aprovaram o novo modelo de gest\u00e3o e custeio do plano de sa\u00fade dos empregados da ativa, aposentados e pensionistas da Caixa Econ\u00f4mica Federal, o Sa\u00fade Caixa. O modelo de custeio aprovado n\u00e3o traz altera\u00e7\u00f5es nos princ\u00edpios de solidariedade e [&hellip;]<\/p>\n","protected":false},"author":2,"featured_media":11682,"comment_status":"","ping_status":"","sticky":false,"template":"","format":"standard","meta":{"footnotes":""},"categories":[3],"tags":[],"class_list":["post-11683","post","type-post","status-publish","format-standard","has-post-thumbnail","hentry","category-noticias"],"_links":{"self":[{"href":"https:\/\/hostnetart.com.br\/baixada\/wp-json\/wp\/v2\/posts\/11683","targetHints":{"allow":["GET"]}}],"collection":[{"href":"https:\/\/hostnetart.com.br\/baixada\/wp-json\/wp\/v2\/posts"}],"about":[{"href":"https:\/\/hostnetart.com.br\/baixada\/wp-json\/wp\/v2\/types\/post"}],"author":[{"embeddable":true,"href":"https:\/\/hostnetart.com.br\/baixada\/wp-json\/wp\/v2\/users\/2"}],"replies":[{"embeddable":true,"href":"https:\/\/hostnetart.com.br\/baixada\/wp-json\/wp\/v2\/comments?post=11683"}],"version-history":[{"count":0,"href":"https:\/\/hostnetart.com.br\/baixada\/wp-json\/wp\/v2\/posts\/11683\/revisions"}],"wp:featuredmedia":[{"embeddable":true,"href":"https:\/\/hostnetart.com.br\/baixada\/wp-json\/wp\/v2\/media\/11682"}],"wp:attachment":[{"href":"https:\/\/hostnetart.com.br\/baixada\/wp-json\/wp\/v2\/media?parent=11683"}],"wp:term":[{"taxonomy":"category","embeddable":true,"href":"https:\/\/hostnetart.com.br\/baixada\/wp-json\/wp\/v2\/categories?post=11683"},{"taxonomy":"post_tag","embeddable":true,"href":"https:\/\/hostnetart.com.br\/baixada\/wp-json\/wp\/v2\/tags?post=11683"}],"curies":[{"name":"wp","href":"https:\/\/api.w.org\/{rel}","templated":true}]}}