{"id":11675,"date":"2021-10-29T12:30:45","date_gmt":"2021-10-29T15:30:45","guid":{"rendered":"https:\/\/hostnetart.com.br\/baixada\/bancarios-do-segmento-de-veiculos-do-itau-aprovam-proposta-de-act\/"},"modified":"2021-10-29T12:30:45","modified_gmt":"2021-10-29T15:30:45","slug":"bancarios-do-segmento-de-veiculos-do-itau-aprovam-proposta-de-act","status":"publish","type":"post","link":"https:\/\/hostnetart.com.br\/baixada\/bancarios-do-segmento-de-veiculos-do-itau-aprovam-proposta-de-act\/","title":{"rendered":"Banc\u00e1rios do segmento de ve\u00edculos do Ita\u00fa aprovam proposta de ACT"},"content":{"rendered":"<p>Os banc\u00e1rios do segmento de ve\u00edculos (novos, usados, leves, pesados, motos, mesa de cr\u00e9dito e afins) do Ita\u00fa aprovaram, em assembleia virtual realizada na \u00faltima segunda-feira (25), o Acordo Coletivo de Trabalho negociado para regulamenta\u00e7\u00e3o de jornada extraordin\u00e1ria (s\u00e1bados, domingos e feriados), com vig\u00eancia de dois anos, a contar a partir de 1\u00ba de julho de 2021. Tr\u00eas sindicatos v\u00e3o realizar novas assembleias: Esp\u00edrito Santo, Niter\u00f3i e Bras\u00edlia.<\/p>\n<p>At\u00e9 o momento, o \u00edndice de aprova\u00e7\u00e3o foi de 79,10%. Em raz\u00e3o da pandemia do novo coronav\u00edrus (Covid-19), a assembleia foi realizada virtualmente (on-line), durante todo o dia.<\/p>\n<p><strong>Fonte: Contraf-CUT<\/strong><\/p>\n","protected":false},"excerpt":{"rendered":"<p>Os banc\u00e1rios do segmento de ve\u00edculos (novos, usados, leves, pesados, motos, mesa de cr\u00e9dito e afins) do Ita\u00fa aprovaram, em assembleia virtual realizada na \u00faltima segunda-feira (25), o Acordo Coletivo de Trabalho negociado para regulamenta\u00e7\u00e3o de jornada extraordin\u00e1ria (s\u00e1bados, domingos e feriados), com vig\u00eancia de dois anos, a contar a partir de 1\u00ba de julho [&hellip;]<\/p>\n","protected":false},"author":2,"featured_media":11674,"comment_status":"","ping_status":"","sticky":false,"template":"","format":"standard","meta":{"footnotes":""},"categories":[3],"tags":[],"class_list":["post-11675","post","type-post","status-publish","format-standard","has-post-thumbnail","hentry","category-noticias"],"_links":{"self":[{"href":"https:\/\/hostnetart.com.br\/baixada\/wp-json\/wp\/v2\/posts\/11675","targetHints":{"allow":["GET"]}}],"collection":[{"href":"https:\/\/hostnetart.com.br\/baixada\/wp-json\/wp\/v2\/posts"}],"about":[{"href":"https:\/\/hostnetart.com.br\/baixada\/wp-json\/wp\/v2\/types\/post"}],"author":[{"embeddable":true,"href":"https:\/\/hostnetart.com.br\/baixada\/wp-json\/wp\/v2\/users\/2"}],"replies":[{"embeddable":true,"href":"https:\/\/hostnetart.com.br\/baixada\/wp-json\/wp\/v2\/comments?post=11675"}],"version-history":[{"count":0,"href":"https:\/\/hostnetart.com.br\/baixada\/wp-json\/wp\/v2\/posts\/11675\/revisions"}],"wp:featuredmedia":[{"embeddable":true,"href":"https:\/\/hostnetart.com.br\/baixada\/wp-json\/wp\/v2\/media\/11674"}],"wp:attachment":[{"href":"https:\/\/hostnetart.com.br\/baixada\/wp-json\/wp\/v2\/media?parent=11675"}],"wp:term":[{"taxonomy":"category","embeddable":true,"href":"https:\/\/hostnetart.com.br\/baixada\/wp-json\/wp\/v2\/categories?post=11675"},{"taxonomy":"post_tag","embeddable":true,"href":"https:\/\/hostnetart.com.br\/baixada\/wp-json\/wp\/v2\/tags?post=11675"}],"curies":[{"name":"wp","href":"https:\/\/api.w.org\/{rel}","templated":true}]}}