{"id":11671,"date":"2021-10-28T15:07:05","date_gmt":"2021-10-28T18:07:05","guid":{"rendered":"https:\/\/hostnetart.com.br\/baixada\/continuam-negociacoes-pelo-fim-das-demissoes-no-banco-mercantil\/"},"modified":"2021-10-28T15:07:05","modified_gmt":"2021-10-28T18:07:05","slug":"continuam-negociacoes-pelo-fim-das-demissoes-no-banco-mercantil","status":"publish","type":"post","link":"https:\/\/hostnetart.com.br\/baixada\/continuam-negociacoes-pelo-fim-das-demissoes-no-banco-mercantil\/","title":{"rendered":"Continuam negocia\u00e7\u00f5es pelo fim das demiss\u00f5es no Banco Mercantil"},"content":{"rendered":"<p>A Comiss\u00e3o de Organiza\u00e7\u00e3o dos Empregados (COE) do Banco Mercantil do Brasil se reuniu com a dire\u00e7\u00e3o do banco na tarde desta quarta-feira (27) para continuar a negocia\u00e7\u00e3o pelo fim das demiss\u00f5es e por melhores condi\u00e7\u00f5es para os trabalhadores que permanecem no banco. No m\u00eas de outubro, dezenas de banc\u00e1rios foram demitidos, enquanto o lucro do banco passou dos R$ 100 milh\u00f5es nos seis primeiros meses do ano.<\/p>\n<p>Houve um avan\u00e7o em rela\u00e7\u00e3o \u00e0\u00a0<a href=\"https:\/\/contrafcut.com.br\/noticias\/sindicatos-pressionam-banco-mercantil-pelo-fim-das-demissoes\/\" target=\"_blank\" rel=\"noopener noreferrer\">\u00faltima reuni\u00e3o, realizada no dia 22 de outubro<\/a>. O banco acenou com a possibilidade de majorar o valor da requalifica\u00e7\u00e3o, para R$ 2.200 para cada funcion\u00e1rio desligado e aumentar mais seis meses a garantir de plano de sa\u00fade, al\u00e9m do prazo previsto pela Conven\u00e7\u00e3o Coletiva de Trabalho (CCT), ap\u00f3s a demiss\u00e3o.<\/p>\n<p>Os representantes dos trabalhadores reivindicaram vales refei\u00e7\u00e3o e alimenta\u00e7\u00e3o por dois meses depois do desligamento. Al\u00e9m de seguro de vida para os demitidos. O banco ficou de retornar sobre as demandas, na pr\u00f3xima reuni\u00e3o, agendada para o dia 4 de novembro, \u00e0s 14 horas.<\/p>\n<p>O coordenador da COE do Mercantil do Brasil, Marco Aur\u00e9lio Alves, explicou que \u201ca nossa luta \u00e9 pela manuten\u00e7\u00e3o do emprego. A gente entende a import\u00e2ncia da indeniza\u00e7\u00e3o para quem est\u00e1 saindo, mas o que queremos \u00e9 que mais ningu\u00e9m seja demitido. Por isso, queremos que os trabalhadores que foram dispensados sejam reaproveitados, pois eles t\u00eam muita capacidade para colaborar com o crescimento do banco.\u201d<\/p>\n<p>Nesta quinta-feira (28), banc\u00e1rios de todo o pa\u00eds participam de um tuita\u00e7o contra a transforma\u00e7\u00e3o de ag\u00eancias em Postos de Atendimento Avan\u00e7ado (PAAs) e a demiss\u00e3o de centenas de funcion\u00e1rios e funcion\u00e1rias com mais de 30 anos, que n\u00e3o conseguem planejar seu futuro dentro da empresa. Para participar, basta fazer pelo menos uma postagem entre 11h e 12h com as hashtags #MercantilSemCompromisso e #MercantilSemCompromissoComVoc\u00ea.<\/p>\n<p><strong>Fonte: Contraf-CUT<\/strong><\/p>\n","protected":false},"excerpt":{"rendered":"<p>A Comiss\u00e3o de Organiza\u00e7\u00e3o dos Empregados (COE) do Banco Mercantil do Brasil se reuniu com a dire\u00e7\u00e3o do banco na tarde desta quarta-feira (27) para continuar a negocia\u00e7\u00e3o pelo fim das demiss\u00f5es e por melhores condi\u00e7\u00f5es para os trabalhadores que permanecem no banco. No m\u00eas de outubro, dezenas de banc\u00e1rios foram demitidos, enquanto o lucro [&hellip;]<\/p>\n","protected":false},"author":2,"featured_media":11670,"comment_status":"","ping_status":"","sticky":false,"template":"","format":"standard","meta":{"footnotes":""},"categories":[3],"tags":[],"class_list":["post-11671","post","type-post","status-publish","format-standard","has-post-thumbnail","hentry","category-noticias"],"_links":{"self":[{"href":"https:\/\/hostnetart.com.br\/baixada\/wp-json\/wp\/v2\/posts\/11671","targetHints":{"allow":["GET"]}}],"collection":[{"href":"https:\/\/hostnetart.com.br\/baixada\/wp-json\/wp\/v2\/posts"}],"about":[{"href":"https:\/\/hostnetart.com.br\/baixada\/wp-json\/wp\/v2\/types\/post"}],"author":[{"embeddable":true,"href":"https:\/\/hostnetart.com.br\/baixada\/wp-json\/wp\/v2\/users\/2"}],"replies":[{"embeddable":true,"href":"https:\/\/hostnetart.com.br\/baixada\/wp-json\/wp\/v2\/comments?post=11671"}],"version-history":[{"count":0,"href":"https:\/\/hostnetart.com.br\/baixada\/wp-json\/wp\/v2\/posts\/11671\/revisions"}],"wp:featuredmedia":[{"embeddable":true,"href":"https:\/\/hostnetart.com.br\/baixada\/wp-json\/wp\/v2\/media\/11670"}],"wp:attachment":[{"href":"https:\/\/hostnetart.com.br\/baixada\/wp-json\/wp\/v2\/media?parent=11671"}],"wp:term":[{"taxonomy":"category","embeddable":true,"href":"https:\/\/hostnetart.com.br\/baixada\/wp-json\/wp\/v2\/categories?post=11671"},{"taxonomy":"post_tag","embeddable":true,"href":"https:\/\/hostnetart.com.br\/baixada\/wp-json\/wp\/v2\/tags?post=11671"}],"curies":[{"name":"wp","href":"https:\/\/api.w.org\/{rel}","templated":true}]}}