{"id":11669,"date":"2021-10-28T15:04:49","date_gmt":"2021-10-28T18:04:49","guid":{"rendered":"https:\/\/hostnetart.com.br\/baixada\/vote-sim-na-proposta-do-saude-caixa\/"},"modified":"2021-10-28T15:04:49","modified_gmt":"2021-10-28T18:04:49","slug":"vote-sim-na-proposta-do-saude-caixa","status":"publish","type":"post","link":"https:\/\/hostnetart.com.br\/baixada\/vote-sim-na-proposta-do-saude-caixa\/","title":{"rendered":"Vote SIM na proposta do Sa\u00fade Caixa"},"content":{"rendered":"<p>Sindicatos de banc\u00e1rios de todo o pa\u00eds realizam assembleias dos empregados da Caixa Econ\u00f4mica Federal nesta quinta (28) e sexta-feira (29) para a delibera\u00e7\u00e3o sobre a proposta de modelo de gest\u00e3o e custeio do Sa\u00fade Caixa, constru\u00edda em mesa de negocia\u00e7\u00f5es com o banco. O Comando Nacional dos Banc\u00e1rios orienta a aprova\u00e7\u00e3o da proposta que ser\u00e1 deliberada nas bases dos sindicatos que comp\u00f5em o Comando.<\/p>\n<p>\u201c\u00c9 importante que todos os sindicatos se empenhem pela aprova\u00e7\u00e3o da proposta constru\u00edda durante uma longa negocia\u00e7\u00e3o realizada pelo GT espec\u00edfico do Sa\u00fade Caixa e pela Comiss\u00e3o Executiva dos Empregados (CEE) que assessora a Contraf-CUT e o Comando Nacional nas negocia\u00e7\u00f5es com o banco. Ela mant\u00e9m os princ\u00edpios de solidariedade e do pacto intergeracional, o que impede que os empregados que ganham menos, com mais idade e aposentados sejam impedidos de permanecer no plano devido ao aumento das mensalidades que teriam que pagar se estes princ\u00edpios n\u00e3o fossem mantidos\u201d, afirmou a coordenadora do Comando Nacional dos Banc\u00e1rios, Juvandia Moreira, que tamb\u00e9m \u00e9 presidenta da Confedera\u00e7\u00e3o Nacional dos Trabalhadores do Ramo Financeiro (Contraf-CUT). \u201cPrecisamos considerar, inclusive, a atual conjuntura e trabalharmos para que num futuro pr\u00f3ximo haja mudan\u00e7a neste cen\u00e1rio e a gente possa voltar a negociar em melhores condi\u00e7\u00f5es para poder melhorar para os empregados o modelo de custeio\u201d, completou.<\/p>\n<p>A delibera\u00e7\u00e3o ser\u00e1 por\u00a0<a href=\"http:\/\/bancarios.votabem.com.br\/\" target=\"_blank\" rel=\"noopener noreferrer\">sistema de vota\u00e7\u00e3o eletr\u00f4nico<\/a>\u00a0(<a href=\"https:\/\/bancarios.votabem.com.br\/\" target=\"_blank\" rel=\"noopener noreferrer\">https:\/\/bancarios.votabem.com.br\/<\/a>) disponibilizado pela Contraf-CUT. Entre os sindicatos que comp\u00f5em o Comando Nacional dos Banc\u00e1rios, apenas nas bases do Esp\u00edrito Santo, Bahia, Sergipe e S\u00e3o Paulo, Osasco e Regi\u00e3o votam por outro link, em sistema pr\u00f3prio. Assim, no dia da assembleia, cada empregado dever\u00e1 acessar o link acima, ou os sites destes sindicatos e procurar o link de vota\u00e7\u00e3o.<\/p>\n<h3>Quem pode e como votar<\/h3>\n<p>Todo empregado da ativa, aposentado, ou pensionista participante do Sa\u00fade Caixa tem direito ao voto. Basta acessar o link, inserir seu n\u00famero de matr\u00edcula (sem o zero \u00e0 esquerda e sem o d\u00edgito) e o sistema apresentar\u00e1 tr\u00eas nomes. Clique sobre o pr\u00f3prio nome. Depois \u00e9 s\u00f3 votar.<\/p>\n<p>\u201cVotam todos os titulares do Sa\u00fade Caixa sendo ativos, aposentados e pensionistas. O voto ser\u00e1 sim, n\u00e3o ou absten\u00e7\u00e3o. O Comando Nacional dos Banc\u00e1rios defende o voto SIM nas bases dos sindicatos que comp\u00f5em o Comando, pois a proposta mant\u00e9m todos os princ\u00edpios do plano, sem cobran\u00e7as individuais de valor m\u00ednimo de acordo com faixa de idade, pois isso prejudicaria quem ganha menos e os aposentados\u201d, defendeu a coordenadora da CEE, Fabiana Uehara Proscholdt, que tamb\u00e9m \u00e9 secret\u00e1ria de Cultura da Contraf-CUT. \u201cSe a proposta n\u00e3o for aprovada, a Caixa poder\u00e1 aplicar os reajustes como quiser e isso inviabilizar\u00e1 a continuidade no plano dos aposentados e de quem ganha menos\u201d, completou.<\/p>\n<h3>Resumo da proposta<\/h3>\n<p>Mantem o modelo atual, onde:<\/p>\n<ul>\n<li>a participa\u00e7\u00e3o da CAIXA no custeio das despesas assistenciais e administrativas limitada a 70% do montante ou ao teto de 6,50%, o que for menor;<\/li>\n<li>mensalidade do titular no valor de 3,5% da remunera\u00e7\u00e3o base e uma mensalidade adicional de 0,4% para cada dependente direto cadastrado no plano, limitado ao teto de 4,3% por titular;<\/li>\n<li>mensalidade de 0,4% para cada dependente indireto;<\/li>\n<li>tratamentos oncol\u00f3gicos e interna\u00e7\u00f5es s\u00e3o isentos de coparticipa\u00e7\u00e3o;<\/li>\n<li>coparticipa\u00e7\u00e3o para consulta em pronto socorro \/ atendimento corresponder\u00e1 ao valor fixo de R $ 75 (setenta e cinco reais);<\/li>\n<li>teto anual de R $ 3.600,00 (tr\u00eas mil e seiscentos reais) por grupo familiar;<\/li>\n<li>sem aumento nas mensalidades m\u00eas a m\u00eas, mas com a institui\u00e7\u00e3o de uma mensalidade extraordin\u00e1ria tamb\u00e9m sobre o 13\u00ba sal\u00e1rio para atender a necessidade de aumento da arrecada\u00e7\u00e3o;<\/li>\n<li>utiliza\u00e7\u00e3o da reserva t\u00e9cnica para evitar contribui\u00e7\u00f5es extraordin\u00e1rias em caso de d\u00e9ficit;<\/li>\n<li>manuten\u00e7\u00e3o do GT Sa\u00fade CAIXA com maior acesso a relat\u00f3rios, dados, acompanhamento de credenciamento e descredenciamento com vistas a dar suporte para a mesa permanente.<\/li>\n<\/ul>\n<p><strong>Fonte: Contraf-CUT<\/strong><\/p>\n","protected":false},"excerpt":{"rendered":"<p>Sindicatos de banc\u00e1rios de todo o pa\u00eds realizam assembleias dos empregados da Caixa Econ\u00f4mica Federal nesta quinta (28) e sexta-feira (29) para a delibera\u00e7\u00e3o sobre a proposta de modelo de gest\u00e3o e custeio do Sa\u00fade Caixa, constru\u00edda em mesa de negocia\u00e7\u00f5es com o banco. O Comando Nacional dos Banc\u00e1rios orienta a aprova\u00e7\u00e3o da proposta que [&hellip;]<\/p>\n","protected":false},"author":2,"featured_media":11668,"comment_status":"","ping_status":"","sticky":false,"template":"","format":"standard","meta":{"footnotes":""},"categories":[3],"tags":[],"class_list":["post-11669","post","type-post","status-publish","format-standard","has-post-thumbnail","hentry","category-noticias"],"_links":{"self":[{"href":"https:\/\/hostnetart.com.br\/baixada\/wp-json\/wp\/v2\/posts\/11669","targetHints":{"allow":["GET"]}}],"collection":[{"href":"https:\/\/hostnetart.com.br\/baixada\/wp-json\/wp\/v2\/posts"}],"about":[{"href":"https:\/\/hostnetart.com.br\/baixada\/wp-json\/wp\/v2\/types\/post"}],"author":[{"embeddable":true,"href":"https:\/\/hostnetart.com.br\/baixada\/wp-json\/wp\/v2\/users\/2"}],"replies":[{"embeddable":true,"href":"https:\/\/hostnetart.com.br\/baixada\/wp-json\/wp\/v2\/comments?post=11669"}],"version-history":[{"count":0,"href":"https:\/\/hostnetart.com.br\/baixada\/wp-json\/wp\/v2\/posts\/11669\/revisions"}],"wp:featuredmedia":[{"embeddable":true,"href":"https:\/\/hostnetart.com.br\/baixada\/wp-json\/wp\/v2\/media\/11668"}],"wp:attachment":[{"href":"https:\/\/hostnetart.com.br\/baixada\/wp-json\/wp\/v2\/media?parent=11669"}],"wp:term":[{"taxonomy":"category","embeddable":true,"href":"https:\/\/hostnetart.com.br\/baixada\/wp-json\/wp\/v2\/categories?post=11669"},{"taxonomy":"post_tag","embeddable":true,"href":"https:\/\/hostnetart.com.br\/baixada\/wp-json\/wp\/v2\/tags?post=11669"}],"curies":[{"name":"wp","href":"https:\/\/api.w.org\/{rel}","templated":true}]}}