{"id":11665,"date":"2021-10-27T13:26:46","date_gmt":"2021-10-27T16:26:46","guid":{"rendered":"https:\/\/hostnetart.com.br\/baixada\/comite-betinho-divulga-balanco-da-acao-contra-a-fome-e-o-frio\/"},"modified":"2021-10-27T13:26:46","modified_gmt":"2021-10-27T16:26:46","slug":"comite-betinho-divulga-balanco-da-acao-contra-a-fome-e-o-frio","status":"publish","type":"post","link":"https:\/\/hostnetart.com.br\/baixada\/comite-betinho-divulga-balanco-da-acao-contra-a-fome-e-o-frio\/","title":{"rendered":"Comit\u00ea Betinho divulga balan\u00e7o da A\u00e7\u00e3o contra a Fome e o Frio"},"content":{"rendered":"<p>O Comit\u00ea Betinho conseguiu distribuir mais de 63 toneladas de alimentos, com investimentos de R$ 289.775,35, e 400 cobertores, ao custo total de R$ 11.320,00, desde o in\u00edcio da pandemia, em abril de 2020, atrav\u00e9s do programa A\u00e7\u00e3o Contra a Fome e o Frio.<\/p>\n<p>S\u00f3 em setembro, o total investido foi R$ 15.751,60 transformados em 3,6 toneladas de alimentos. A A\u00e7\u00e3o Contra a Fome e o Frio arrecada recursos para comprar alimentos, produtos de limpeza e cobertores que s\u00e3o entregues a entidades voltadas \u00e0s pessoas em situa\u00e7\u00e3o de vulnerabilidade. No m\u00eas de setembro foram apoiadas as seguintes organiza\u00e7\u00f5es: Miss\u00e3o Bel\u00e9m, Sopa Fraterna La\u00e9rcio Lopes, Casa de Caridade, Pastoral do Povo da Rua Diocese de Guarulhos, Miss\u00e3o Bel\u00e9m e Recicl\u00e1zaro.<\/p>\n<p>A Confedera\u00e7\u00e3o Nacional dos Trabalhadores do Ramo Financeiro (Contraf-CUT) apoia os projetos de solidariedade e cidadania do Comit\u00ea Betinho, fundando em novembro de 1993 por funcion\u00e1rios do antigo Banespa (hoje controlado pelo Santander) e inspirado na A\u00e7\u00e3o da Cidadania contra a Fome, a Mis\u00e9ria e pela Vida, idealizada pelo soci\u00f3logo Herbert de Souza, o Betinho.<\/p>\n<h3>Como doar:<\/h3>\n<p><strong>1 \u2013 Doa\u00e7\u00e3o em conta corrente:<\/strong><br \/>Titular<br \/>A\u00e7\u00e3o da Cidadania \u2013 Comit\u00ea Betinho<br \/>CNPJ: 02.336.848\/0001-11<\/p>\n<p><strong>Banco do Brasil<\/strong><br \/>Ag\u00eancia: 0018-3<br \/>Conta Poupan\u00e7a: 85406-9<br \/>(No caixa eletr\u00f4nico usar varia\u00e7\u00e3o 51)<\/p>\n<p><strong>Bradesco<\/strong><br \/>Ag\u00eancia: 3003-1<br \/>Conta Poupan\u00e7a: 1008818-6<\/p>\n<p><strong>Caixa<\/strong><br \/>Ag\u00eancia: 1004<br \/>Conta Poupan\u00e7a: 013-97707-8<\/p>\n<p><strong>Ita\u00fa<\/strong><br \/>Ag\u00eancia: 7657<br \/>Conta Poupan\u00e7a: 13753-0\/500<\/p>\n<p><strong>Santander<\/strong><br \/>Ag\u00eancia: 0001<br \/>Conta Corrente: 13-027407-9<\/p>\n<p><em>Fonte: Contraf-CUT<\/em><\/p>\n","protected":false},"excerpt":{"rendered":"<p>O Comit\u00ea Betinho conseguiu distribuir mais de 63 toneladas de alimentos, com investimentos de R$ 289.775,35, e 400 cobertores, ao custo total de R$ 11.320,00, desde o in\u00edcio da pandemia, em abril de 2020, atrav\u00e9s do programa A\u00e7\u00e3o Contra a Fome e o Frio. S\u00f3 em setembro, o total investido foi R$ 15.751,60 transformados em [&hellip;]<\/p>\n","protected":false},"author":2,"featured_media":11664,"comment_status":"","ping_status":"","sticky":false,"template":"","format":"standard","meta":{"footnotes":""},"categories":[3],"tags":[],"class_list":["post-11665","post","type-post","status-publish","format-standard","has-post-thumbnail","hentry","category-noticias"],"_links":{"self":[{"href":"https:\/\/hostnetart.com.br\/baixada\/wp-json\/wp\/v2\/posts\/11665","targetHints":{"allow":["GET"]}}],"collection":[{"href":"https:\/\/hostnetart.com.br\/baixada\/wp-json\/wp\/v2\/posts"}],"about":[{"href":"https:\/\/hostnetart.com.br\/baixada\/wp-json\/wp\/v2\/types\/post"}],"author":[{"embeddable":true,"href":"https:\/\/hostnetart.com.br\/baixada\/wp-json\/wp\/v2\/users\/2"}],"replies":[{"embeddable":true,"href":"https:\/\/hostnetart.com.br\/baixada\/wp-json\/wp\/v2\/comments?post=11665"}],"version-history":[{"count":0,"href":"https:\/\/hostnetart.com.br\/baixada\/wp-json\/wp\/v2\/posts\/11665\/revisions"}],"wp:featuredmedia":[{"embeddable":true,"href":"https:\/\/hostnetart.com.br\/baixada\/wp-json\/wp\/v2\/media\/11664"}],"wp:attachment":[{"href":"https:\/\/hostnetart.com.br\/baixada\/wp-json\/wp\/v2\/media?parent=11665"}],"wp:term":[{"taxonomy":"category","embeddable":true,"href":"https:\/\/hostnetart.com.br\/baixada\/wp-json\/wp\/v2\/categories?post=11665"},{"taxonomy":"post_tag","embeddable":true,"href":"https:\/\/hostnetart.com.br\/baixada\/wp-json\/wp\/v2\/tags?post=11665"}],"curies":[{"name":"wp","href":"https:\/\/api.w.org\/{rel}","templated":true}]}}