{"id":1166,"date":"2013-06-28T00:00:00","date_gmt":"2013-06-28T03:00:00","guid":{"rendered":"https:\/\/hostnetart.com.br\/baixada\/contraf-cut-chama-mobilizacao-nacional-contra-pl-4330-para-4-de-julho\/"},"modified":"2013-06-28T00:00:00","modified_gmt":"2013-06-28T03:00:00","slug":"contraf-cut-chama-mobilizacao-nacional-contra-pl-4330-para-4-de-julho","status":"publish","type":"post","link":"https:\/\/hostnetart.com.br\/baixada\/contraf-cut-chama-mobilizacao-nacional-contra-pl-4330-para-4-de-julho\/","title":{"rendered":"Contraf-CUT chama mobiliza\u00e7\u00e3o nacional contra PL 4330 para 4 de julho"},"content":{"rendered":"<p>A Contraf-CUT, federa\u00e7\u00f5es e sindicatos convocaram para 4 de julho dia nacional de mobiliza\u00e7\u00e3o dos banc\u00e1rios contra o substitutivo do deputado Artur Maia (PMDB-BA), relator do Projeto de Lei 4330\/2004 do deputado Sandro Mabel (PMDB-GO), que regulamenta a terceiriza\u00e7\u00e3o no pa\u00eds segundo uma \u00f3tica eminentemente empresarial, que visa flexibilizar e reduzir direitos trabalhistas garantidos na CLT e na Constitui\u00e7\u00e3o Federal.<\/p>\n<p>\u00a0<\/p>\n<p>Para esclarecer e mobilizar a categoria, a Contraf-CUT disponibilizou aos sindicatos e federa\u00e7\u00f5es um folder espec\u00edfico, mostrando os preju\u00edzos irrepar\u00e1veis para os trabalhadores, especialmente aos banc\u00e1rios, caso o PL 4330 seja aprovado.<\/p>\n<p>\u00a0<\/p>\n<p>Clique\u00a0<a href=\"http:\/\/www.contrafcut.org.br\/download\/Arquivo\/1362721636.pdf\" target=\"_blank\" rel=\"noopener noreferrer\">aqui<\/a>\u00a0para acessar o folder elaborado pela Contraf-CUT.<\/p>\n<p>\u00a0<\/p>\n<p>\u00a0<\/p>\n<p><strong>Direitos amea\u00e7ados<\/strong><\/p>\n<p>\u00a0<\/p>\n<p>Ap\u00f3s quase 10 anos tramitando no Congresso Nacional, o projeto corre o risco de ser aprovado no pr\u00f3ximo dia 9 de julho, quando voltar\u00e1 \u00e0 pauta da Comiss\u00e3o de Constitui\u00e7\u00e3o, Justi\u00e7a e Cidadania (CCJC) da C\u00e2mara dos Deputados.<\/p>\n<p>\u00a0<\/p>\n<p>A mobiliza\u00e7\u00e3o de entidades da CUT junto aos parlamentares e ao governo, com destaque para a participa\u00e7\u00e3o dos sindicatos de banc\u00e1rios, que compareceram em peso \u00e0 reuni\u00e3o da CCJC ocorrida em 11 de junho, impediu que o PL 4330 fosse votado naquele mesmo dia. O projeto voltar\u00e1 a ser apreciado novamente na CCJC.<\/p>\n<p>\u00a0<\/p>\n<p>\u201cAt\u00e9 l\u00e1, teremos 15 dias para esclarecer as dire\u00e7\u00f5es das entidades e a categoria banc\u00e1ria acerca dos principais problemas do PL e, ao mesmo tempo, atuarmos junto \u00e0 sociedade e aos deputados federais e senadores para mostrar os preju\u00edzos irrepar\u00e1veis para a classe trabalhadora em caso de aprova\u00e7\u00e3o desse projeto\u201d, afirma Miguel Pereira, secret\u00e1rio de Organiza\u00e7\u00e3o do Ramo Financeiro da Contraf-CUT e representante da entidade no Grupo de Trabalho (GT) de Terceiriza\u00e7\u00e3o da CUT.<\/p>\n<p>\u00a0<\/p>\n<p>\u201cOs nefastos impactos do PL 4330 sobre os direitos trabalhistas exigem forte mobiliza\u00e7\u00e3o dos banc\u00e1rios e de toda a classe trabalhadora\u201d, refor\u00e7a o presidente da Contraf-CUT, Carlos Cordeiro.<\/p>\n<p>\u00a0<\/p>\n<p>Fonte: Contraf-CUT<\/p>\n","protected":false},"excerpt":{"rendered":"<p>A Contraf-CUT, federa\u00e7\u00f5es e sindicatos convocaram para 4 de julho dia nacional de mobiliza\u00e7\u00e3o dos banc\u00e1rios contra o substitutivo do deputado Artur Maia (PMDB-BA), relator do Projeto de Lei 4330\/2004 do deputado Sandro Mabel (PMDB-GO), que regulamenta a terceiriza\u00e7\u00e3o no pa\u00eds segundo uma \u00f3tica eminentemente empresarial, que visa flexibilizar e reduzir direitos trabalhistas garantidos na [&hellip;]<\/p>\n","protected":false},"author":1,"featured_media":0,"comment_status":"","ping_status":"","sticky":false,"template":"","format":"standard","meta":{"footnotes":""},"categories":[3],"tags":[],"class_list":["post-1166","post","type-post","status-publish","format-standard","hentry","category-noticias"],"_links":{"self":[{"href":"https:\/\/hostnetart.com.br\/baixada\/wp-json\/wp\/v2\/posts\/1166","targetHints":{"allow":["GET"]}}],"collection":[{"href":"https:\/\/hostnetart.com.br\/baixada\/wp-json\/wp\/v2\/posts"}],"about":[{"href":"https:\/\/hostnetart.com.br\/baixada\/wp-json\/wp\/v2\/types\/post"}],"author":[{"embeddable":true,"href":"https:\/\/hostnetart.com.br\/baixada\/wp-json\/wp\/v2\/users\/1"}],"replies":[{"embeddable":true,"href":"https:\/\/hostnetart.com.br\/baixada\/wp-json\/wp\/v2\/comments?post=1166"}],"version-history":[{"count":0,"href":"https:\/\/hostnetart.com.br\/baixada\/wp-json\/wp\/v2\/posts\/1166\/revisions"}],"wp:attachment":[{"href":"https:\/\/hostnetart.com.br\/baixada\/wp-json\/wp\/v2\/media?parent=1166"}],"wp:term":[{"taxonomy":"category","embeddable":true,"href":"https:\/\/hostnetart.com.br\/baixada\/wp-json\/wp\/v2\/categories?post=1166"},{"taxonomy":"post_tag","embeddable":true,"href":"https:\/\/hostnetart.com.br\/baixada\/wp-json\/wp\/v2\/tags?post=1166"}],"curies":[{"name":"wp","href":"https:\/\/api.w.org\/{rel}","templated":true}]}}