{"id":11657,"date":"2021-10-25T22:40:13","date_gmt":"2021-10-26T01:40:13","guid":{"rendered":"https:\/\/hostnetart.com.br\/baixada\/pioneirismo-do-santander-prejudica-funcionarios\/"},"modified":"2021-10-25T22:40:13","modified_gmt":"2021-10-26T01:40:13","slug":"pioneirismo-do-santander-prejudica-funcionarios","status":"publish","type":"post","link":"https:\/\/hostnetart.com.br\/baixada\/pioneirismo-do-santander-prejudica-funcionarios\/","title":{"rendered":"Pioneirismo do Santander prejudica funcion\u00e1rios"},"content":{"rendered":"<p>Desde o dia 4 de setembro, o banco\u00a0<a href=\"https:\/\/contrafcut.com.br\/noticias\/santander-voltara-a-abrir-agencias-ate-as-16h\" target=\"_blank\" rel=\"noopener noreferrer\">Santander voltou a abrir suas ag\u00eancias<\/a>\u00a0das 9h \u00e0s 10h para atendimento priorit\u00e1rio e das 10h \u00e0s 16h para o p\u00fablico em geral. Nenhum outro banco retomou o hor\u00e1rio de atendimento pr\u00e9-pandemia. A medida foi tomada sem qualquer tipo de negocia\u00e7\u00e3o com a representa\u00e7\u00e3o dos trabalhadores.<\/p>\n<p>\u201cNa ocasi\u00e3o lamentamos a atitude do banco, mostramos nossa discord\u00e2ncia e alertamos que isso prejudicaria os funcion\u00e1rios, que estariam mais expostos ao v\u00edrus da Covid-19. Menos de um m\u00eas ap\u00f3s a medida, j\u00e1 constamos grandes filas nas ag\u00eancias ap\u00f3s \u00e0s 14h, quando os demais bancos j\u00e1 est\u00e3o fechados ao p\u00fablico. Isso causa aglomera\u00e7\u00f5es e aumenta ainda mais os riscos para clientes e funcion\u00e1rios\u201d, alertou o secret\u00e1rio de Assuntos Socioecon\u00f4micos e representante da Confedera\u00e7\u00e3o Nacional dos Trabalhadores do Ramo Financeiro (Contraf-CUT) na mesa de negocia\u00e7\u00f5es com o banco, Mario Raia.<\/p>\n<p>O dirigente da Contraf-CUT lembrou, ainda, que o Acordo Coletivo de Trabalho (ACT) dos funcion\u00e1rios determina que, qualquer medida que tenha consequ\u00eancias diretas no dia a dia de trabalho, deve ser negociada com o movimento sindical, se referindo ao Comit\u00ea de Rela\u00e7\u00f5es Trabalhistas, previsto na cl\u00e1usula 35 do ACT, que em seu par\u00e1grafo primeiro define que as demandas do Santander e dos empregados, que n\u00e3o tratem de quest\u00f5es econ\u00f4micas e de interesse local dos sindicatos, dever\u00e3o ser encaminhadas atrav\u00e9s do Comit\u00ea.<\/p>\n<h3>Pioneiro<\/h3>\n<p>A volta da abertura das ag\u00eancias at\u00e9 \u00e0s 16h era uma pauta que estava sendo debatida entre os bancos que fazem parte da Federa\u00e7\u00e3o Brasileira de Bancos (Febraban), mas n\u00e3o houve consenso e o encaminhamento foi de que a medida seria tomada de forma individual.<\/p>\n<p>\u201cO Santander, como sempre, \u00e9 o pioneiro entre os bancos nestas quest\u00f5es que podem causar algum dano aos trabalhadores. O banco n\u00e3o tem medo de mostrar que n\u00e3o se importa com o que possa acontecer com seus funcion\u00e1rios. A \u00fanica coisa que importa \u00e9 o lucro\u201d, lamentou o dirigente da Contraf-CUT.<\/p>\n<p>Uma pesquisa do Departamento Intersindical de Estat\u00edstica e Estudos Socioecon\u00f4micos (Dieese) avaliou as\u00a0<a href=\"https:\/\/contrafcut.com.br\/noticias\/comando-nacional-retoma-negociacao-com-fenaban-sobre-teletrabalho?swcfpc=1\" target=\"_blank\" rel=\"noopener noreferrer\">condi\u00e7\u00f5es de teletrabalho da categoria<\/a>\u00a0ap\u00f3s mais de um ano de dura\u00e7\u00e3o dessa modalidade neste per\u00edodo de pandemia de Covid-19. Mais de 13 mil banc\u00e1rias e banc\u00e1rios responderam ao question\u00e1rio, que aponta maior incid\u00eancia de diagn\u00f3stico positivo de Covid-19 (38%) entre os que permaneceram no trabalho presencial do que entre aqueles que passaram \u00e0 modalidade em home office (23%). Chamou a aten\u00e7\u00e3o o fato de que o banco que menos colocou trabalhadores em teletrabalho foi o que mais teve registros de contamina\u00e7\u00e3o.<\/p>\n<p><strong>Fonte: Contraf-CUT<\/strong><\/p>\n","protected":false},"excerpt":{"rendered":"<p>Desde o dia 4 de setembro, o banco\u00a0Santander voltou a abrir suas ag\u00eancias\u00a0das 9h \u00e0s 10h para atendimento priorit\u00e1rio e das 10h \u00e0s 16h para o p\u00fablico em geral. Nenhum outro banco retomou o hor\u00e1rio de atendimento pr\u00e9-pandemia. A medida foi tomada sem qualquer tipo de negocia\u00e7\u00e3o com a representa\u00e7\u00e3o dos trabalhadores. \u201cNa ocasi\u00e3o lamentamos [&hellip;]<\/p>\n","protected":false},"author":2,"featured_media":11656,"comment_status":"","ping_status":"","sticky":false,"template":"","format":"standard","meta":{"footnotes":""},"categories":[3],"tags":[],"class_list":["post-11657","post","type-post","status-publish","format-standard","has-post-thumbnail","hentry","category-noticias"],"_links":{"self":[{"href":"https:\/\/hostnetart.com.br\/baixada\/wp-json\/wp\/v2\/posts\/11657","targetHints":{"allow":["GET"]}}],"collection":[{"href":"https:\/\/hostnetart.com.br\/baixada\/wp-json\/wp\/v2\/posts"}],"about":[{"href":"https:\/\/hostnetart.com.br\/baixada\/wp-json\/wp\/v2\/types\/post"}],"author":[{"embeddable":true,"href":"https:\/\/hostnetart.com.br\/baixada\/wp-json\/wp\/v2\/users\/2"}],"replies":[{"embeddable":true,"href":"https:\/\/hostnetart.com.br\/baixada\/wp-json\/wp\/v2\/comments?post=11657"}],"version-history":[{"count":0,"href":"https:\/\/hostnetart.com.br\/baixada\/wp-json\/wp\/v2\/posts\/11657\/revisions"}],"wp:featuredmedia":[{"embeddable":true,"href":"https:\/\/hostnetart.com.br\/baixada\/wp-json\/wp\/v2\/media\/11656"}],"wp:attachment":[{"href":"https:\/\/hostnetart.com.br\/baixada\/wp-json\/wp\/v2\/media?parent=11657"}],"wp:term":[{"taxonomy":"category","embeddable":true,"href":"https:\/\/hostnetart.com.br\/baixada\/wp-json\/wp\/v2\/categories?post=11657"},{"taxonomy":"post_tag","embeddable":true,"href":"https:\/\/hostnetart.com.br\/baixada\/wp-json\/wp\/v2\/tags?post=11657"}],"curies":[{"name":"wp","href":"https:\/\/api.w.org\/{rel}","templated":true}]}}