{"id":11655,"date":"2021-10-25T22:33:57","date_gmt":"2021-10-26T01:33:57","guid":{"rendered":"https:\/\/hostnetart.com.br\/baixada\/coletivo-nacional-de-saude-reivindica-orientacao-transparente-a-todos-os-bancos\/"},"modified":"2021-10-25T22:33:57","modified_gmt":"2021-10-26T01:33:57","slug":"coletivo-nacional-de-saude-reivindica-orientacao-transparente-a-todos-os-bancos","status":"publish","type":"post","link":"https:\/\/hostnetart.com.br\/baixada\/coletivo-nacional-de-saude-reivindica-orientacao-transparente-a-todos-os-bancos\/","title":{"rendered":"Coletivo Nacional de Sa\u00fade reivindica orienta\u00e7\u00e3o transparente a todos os bancos"},"content":{"rendered":"<p>O Coletivo Nacional de Sa\u00fade da Confedera\u00e7\u00e3o Nacional dos Trabalhadores do Ramo Financeiro (Contraf-CUT) se reuniu, nesta segunda-feira (25), com a Federa\u00e7\u00e3o Nacional dos Bancos (Fenaban) para a Mesa tem\u00e1tica de Sa\u00fade.<\/p>\n<p>Um dos principais pontos da pauta foi iniciar a retomada dos debates sobre temas que eram discutidos antes da pandemia do coronav\u00edrus (Covid-19), como o fim das metas abusivas, do ass\u00e9dio moral e do adoecimento na categoria, al\u00e9m da garantia do tratamento para os trabalhadores que ficaram doentes por conta das a\u00e7\u00f5es dos bancos.<\/p>\n<p>\u201cA nossa tese \u00e9 que a press\u00e3o que os banc\u00e1rios sofrem nos locais de trabalho aumentou muito o adoecimento ps\u00edquico na categoria. Por isso, n\u00f3s temos que discutir a forma como essa cobran\u00e7a \u00e9 feita\u201d, afirmou Mauro Salles, secret\u00e1rio de Sa\u00fade da Contraf-CUT.<\/p>\n<p>Outro tema debatido foi o retorno ao trabalho presencial, que, apesar de estar sendo negociado banco a banco, o movimento sindical pediu uma orienta\u00e7\u00e3o geral por parte das empresas. \u201cA gente precisa ter clareza nestas quest\u00f5es, com um protocolo-base de medidas preventivas, para garantir a seguran\u00e7a dos trabalhadores que possa exercer suas atividades de forma tranquila\u201d, explicou o secret\u00e1rio ao refor\u00e7ar a import\u00e2ncia da prote\u00e7\u00e3o dos grupos de riscos e da adequa\u00e7\u00e3o dos ambientes de trabalho para a nova realidade. Ele alertou tamb\u00e9m para a necessidade de se preocupar com as sequelas da Covid-19, garantindo o tratamento adequado.<\/p>\n<p>Outra preocupa\u00e7\u00e3o apontada foi a situa\u00e7\u00e3o de colegas do grupo de risco ao voltar ao trabalho: \u201cDefendemos que tenham prioridade para continuar em home office, minimizando assim os riscos de reinfec\u00e7\u00e3o\u201d, alertou Mauro Salles.<\/p>\n<p>As partes se comprometeram ainda a fazer press\u00e3o em todas as esferas de governo para continuar obrigando o uso de m\u00e1scaras, como importante medida de preven\u00e7\u00e3o da contamina\u00e7\u00e3o da Covid-19.<\/p>\n<p><strong>Fonte: Contraf-CUT<\/strong><\/p>\n","protected":false},"excerpt":{"rendered":"<p>O Coletivo Nacional de Sa\u00fade da Confedera\u00e7\u00e3o Nacional dos Trabalhadores do Ramo Financeiro (Contraf-CUT) se reuniu, nesta segunda-feira (25), com a Federa\u00e7\u00e3o Nacional dos Bancos (Fenaban) para a Mesa tem\u00e1tica de Sa\u00fade. Um dos principais pontos da pauta foi iniciar a retomada dos debates sobre temas que eram discutidos antes da pandemia do coronav\u00edrus (Covid-19), [&hellip;]<\/p>\n","protected":false},"author":2,"featured_media":11654,"comment_status":"","ping_status":"","sticky":false,"template":"","format":"standard","meta":{"footnotes":""},"categories":[3],"tags":[],"class_list":["post-11655","post","type-post","status-publish","format-standard","has-post-thumbnail","hentry","category-noticias"],"_links":{"self":[{"href":"https:\/\/hostnetart.com.br\/baixada\/wp-json\/wp\/v2\/posts\/11655","targetHints":{"allow":["GET"]}}],"collection":[{"href":"https:\/\/hostnetart.com.br\/baixada\/wp-json\/wp\/v2\/posts"}],"about":[{"href":"https:\/\/hostnetart.com.br\/baixada\/wp-json\/wp\/v2\/types\/post"}],"author":[{"embeddable":true,"href":"https:\/\/hostnetart.com.br\/baixada\/wp-json\/wp\/v2\/users\/2"}],"replies":[{"embeddable":true,"href":"https:\/\/hostnetart.com.br\/baixada\/wp-json\/wp\/v2\/comments?post=11655"}],"version-history":[{"count":0,"href":"https:\/\/hostnetart.com.br\/baixada\/wp-json\/wp\/v2\/posts\/11655\/revisions"}],"wp:featuredmedia":[{"embeddable":true,"href":"https:\/\/hostnetart.com.br\/baixada\/wp-json\/wp\/v2\/media\/11654"}],"wp:attachment":[{"href":"https:\/\/hostnetart.com.br\/baixada\/wp-json\/wp\/v2\/media?parent=11655"}],"wp:term":[{"taxonomy":"category","embeddable":true,"href":"https:\/\/hostnetart.com.br\/baixada\/wp-json\/wp\/v2\/categories?post=11655"},{"taxonomy":"post_tag","embeddable":true,"href":"https:\/\/hostnetart.com.br\/baixada\/wp-json\/wp\/v2\/tags?post=11655"}],"curies":[{"name":"wp","href":"https:\/\/api.w.org\/{rel}","templated":true}]}}