{"id":11653,"date":"2021-10-25T15:04:10","date_gmt":"2021-10-25T18:04:10","guid":{"rendered":"https:\/\/hostnetart.com.br\/baixada\/cut-encerra-plenaria-com-plano-de-transformar-o-brasil-a-partir-de-2022\/"},"modified":"2021-10-25T15:04:10","modified_gmt":"2021-10-25T18:04:10","slug":"cut-encerra-plenaria-com-plano-de-transformar-o-brasil-a-partir-de-2022","status":"publish","type":"post","link":"https:\/\/hostnetart.com.br\/baixada\/cut-encerra-plenaria-com-plano-de-transformar-o-brasil-a-partir-de-2022\/","title":{"rendered":"CUT encerra plen\u00e1ria com plano de \u2018transformar\u2019 o Brasil a partir de 2022"},"content":{"rendered":"<p>A CUT encerrou neste domingo (24) a 16\u00aa plen\u00e1ria atualizando seu plano de luta, chamando para a resist\u00eancia contra a \u201creforma\u201d administrativa e j\u00e1 convocando para o pr\u00f3ximo congresso nacional da entidade, em outubro de 2023. Antes disso, no entanto, o foco est\u00e1 na elei\u00e7\u00e3o do pr\u00f3ximo ano. A central v\u00ea ali uma oportunidade de \u201ctransforma\u00e7\u00e3o\u201d do pa\u00eds, a partir da mudan\u00e7a de governo.<\/p>\n<p>\u201cBolsonaro quando foi eleito disse que ia acabar com o MST e com a CUT, mas a nossa central n\u00e3o s\u00f3 n\u00e3o acabou, mas como est\u00e1 mais forte. Ele \u00e9 que est\u00e1 derretendo. As pesquisas mostram isso\u201d, afirmou o vice-presidente da entidade, Vagner Freitas. \u201cA nossa central segue forte, grande e vamos continuar representando a classe trabalhadora. Quem estar\u00e1 fora \u00e9 este genocida. Se n\u00e3o tiver impeachment agora, faremos o julgamento de Bolsonaro nas urnas em 2022 elegendo Lula presidente.\u201d<\/p>\n<h3>Democracia em perigo<\/h3>\n<p>\u201cN\u00e3o daremos tr\u00e9gua\u201d, afirmou, por sua vez, a secret\u00e1ria-geral cutista, Carmen Foro. \u201cEnquanto a democracia e a vida da classe trabalhadora estiverem em perigo, estaremos firmes nas ruas e em todos os lugares. Vamos derrotar Bolsonaro e transformar o Brasil\u201d, refor\u00e7ou. Com representa\u00e7\u00e3o praticamente parit\u00e1ria entre homens e mulheres, os 951 delegados da plen\u00e1ria realizaram a primeira plen\u00e1ria virtual da CUT, que completou 38 anos em agosto.\u00a0<a href=\"https:\/\/www.redebrasilatual.com.br\/trabalho\/2021\/10\/plenaria-cut-lula-reconstrucao-pais\/\">A abertura teve justamente a presen\u00e7a de Lula.<\/a>\u00a0O evento terminou com homenagem ao educador Paulo Freire.<\/p>\n<p>Cinco confedera\u00e7\u00f5es de trabalhadores no setor p\u00fablico assinaram carta (\u201cAlian\u00e7a das Tr\u00eas Esferas\u201d) em que se comprometem a somar for\u00e7as contra o projeto de \u201creforma\u201d administrativa do governo. A Proposta de Emenda \u00e0 Constitui\u00e7\u00e3o (PEC) 32 passou em comiss\u00e3o especial, mas a presid\u00eancia da C\u00e2mara n\u00e3o inclui o projeto na pauta do plen\u00e1rio com receio de derrota.<\/p>\n<h3>Nova realidade do trabalho<\/h3>\n<p>Para o presidente da CUT, S\u00e9rgio Nobre, ao movimento sindical se apresenta o desafio de organizar o que ele chama de \u201cnovo mundo\u201d do trabalho. Algo que j\u00e1 ocorria antes da pandemia, mas se intensificou. \u201cO novo mundo do trabalho pode ser considerado bom ou ruim, e o que vai decidir isso ser\u00e1 a nossa capacidade de organiza\u00e7\u00e3o para fazer esta disputa de sociedade por um pa\u00eds inclusivo, representativo e combativo na luta cotidiana na vida e no trabalho\u201d, afirmou o dirigente. \u201cO futuro do movimento sindical come\u00e7a agora e este dia ser\u00e1 hist\u00f3rico. N\u00e3o ser\u00e1 f\u00e1cil construir, e este ser\u00e1 nosso desafio.\u201d<\/p>\n<p>Entre as v\u00e1rias mudan\u00e7as em curso, est\u00e1 o trabalho em casa, que cresceu em raz\u00e3o da pandemia. \u201cMuitos est\u00e3o trabalhando muito mais agora, sem jornada, sem direitos. E o trabalho como o\u00a0<em>home office<\/em>, por exemplo, precisa ser regulado. Temos que ouvir as categorias e entender essa nova realidade para ser cada vez mais representativo de fato.\u201d<\/p>\n<p><strong>Fonte: Rede Brasil Atual<\/strong><\/p>\n","protected":false},"excerpt":{"rendered":"<p>A CUT encerrou neste domingo (24) a 16\u00aa plen\u00e1ria atualizando seu plano de luta, chamando para a resist\u00eancia contra a \u201creforma\u201d administrativa e j\u00e1 convocando para o pr\u00f3ximo congresso nacional da entidade, em outubro de 2023. Antes disso, no entanto, o foco est\u00e1 na elei\u00e7\u00e3o do pr\u00f3ximo ano. A central v\u00ea ali uma oportunidade de [&hellip;]<\/p>\n","protected":false},"author":2,"featured_media":11652,"comment_status":"","ping_status":"","sticky":false,"template":"","format":"standard","meta":{"footnotes":""},"categories":[3],"tags":[],"class_list":["post-11653","post","type-post","status-publish","format-standard","has-post-thumbnail","hentry","category-noticias"],"_links":{"self":[{"href":"https:\/\/hostnetart.com.br\/baixada\/wp-json\/wp\/v2\/posts\/11653","targetHints":{"allow":["GET"]}}],"collection":[{"href":"https:\/\/hostnetart.com.br\/baixada\/wp-json\/wp\/v2\/posts"}],"about":[{"href":"https:\/\/hostnetart.com.br\/baixada\/wp-json\/wp\/v2\/types\/post"}],"author":[{"embeddable":true,"href":"https:\/\/hostnetart.com.br\/baixada\/wp-json\/wp\/v2\/users\/2"}],"replies":[{"embeddable":true,"href":"https:\/\/hostnetart.com.br\/baixada\/wp-json\/wp\/v2\/comments?post=11653"}],"version-history":[{"count":0,"href":"https:\/\/hostnetart.com.br\/baixada\/wp-json\/wp\/v2\/posts\/11653\/revisions"}],"wp:featuredmedia":[{"embeddable":true,"href":"https:\/\/hostnetart.com.br\/baixada\/wp-json\/wp\/v2\/media\/11652"}],"wp:attachment":[{"href":"https:\/\/hostnetart.com.br\/baixada\/wp-json\/wp\/v2\/media?parent=11653"}],"wp:term":[{"taxonomy":"category","embeddable":true,"href":"https:\/\/hostnetart.com.br\/baixada\/wp-json\/wp\/v2\/categories?post=11653"},{"taxonomy":"post_tag","embeddable":true,"href":"https:\/\/hostnetart.com.br\/baixada\/wp-json\/wp\/v2\/tags?post=11653"}],"curies":[{"name":"wp","href":"https:\/\/api.w.org\/{rel}","templated":true}]}}