{"id":11645,"date":"2021-10-22T13:19:54","date_gmt":"2021-10-22T16:19:54","guid":{"rendered":"https:\/\/hostnetart.com.br\/baixada\/suicidios-na-categoria-reforcam-necessidade-de-medidas-protetivas\/"},"modified":"2021-10-22T13:19:54","modified_gmt":"2021-10-22T16:19:54","slug":"suicidios-na-categoria-reforcam-necessidade-de-medidas-protetivas","status":"publish","type":"post","link":"https:\/\/hostnetart.com.br\/baixada\/suicidios-na-categoria-reforcam-necessidade-de-medidas-protetivas\/","title":{"rendered":"\u201cSuic\u00eddios na categoria refor\u00e7am necessidade de medidas protetivas\u201d"},"content":{"rendered":"<p>O secret\u00e1rio de Sa\u00fade da Confedera\u00e7\u00e3o Nacional dos Trabalhadores do Ramo Financeiro (Contraf-CUT), Mauro Salles, acredita que os recentes casos de suic\u00eddios de banc\u00e1rios em todo o Brasil refor\u00e7am a necessidade de que medidas sejam tomadas para proteger a integridade f\u00edsica e mental dos colegas. \u201cSuic\u00eddio tem m\u00faltiplas causas, mas o trabalho \u00e9 um potencial detonador e nos faz refletir sobre o momento de enorme tens\u00e3o em que os banc\u00e1rios est\u00e3o trabalhando. Nossa categoria est\u00e1 triste, pressionada, com medo do futuro e com alto \u00edndice de adoecimento ps\u00edquico\u201d, disse.<\/p>\n<p>Salles lembrou o recente estudo do Departamento Intersindical de Estat\u00edstica e Estudos Socioecon\u00f4micos (Dieese) que analisou os dados da Previd\u00eancia Social e apontou os bancos como respons\u00e1veis por 15% dos afastamentos por causas mentais entre setores de atividade econ\u00f4mica, nos anos de 2012 a 2017. A propor\u00e7\u00e3o aumenta para 16% se considerar os afastamentos por depress\u00e3o. Enquanto nos demais setores a eleva\u00e7\u00e3o de benef\u00edcio por Transtorno Mental foi de 19,4% entre 2009 e 2013, no setor banc\u00e1rio chegou a 70,5%. \u201cProvavelmente a situa\u00e7\u00e3o atual est\u00e1 mais grave\u201d, lamentou o secret\u00e1rio.<\/p>\n<p>De 1996 a 2005 ocorreram um suic\u00eddio a cada vinte dias entre os banc\u00e1rios. Em muitas situa\u00e7\u00f5es nos pr\u00f3prios locais de trabalho. Mauro Salles cita o psiquiatra franc\u00eas Christophe Dejours, \u201co facto de as pessoas irem suicidar-se no local de trabalho tem obviamente um significado. Os suic\u00eddios nos locais de trabalho s\u00e3o reveladores de profunda degrada\u00e7\u00e3o da vida e da solidariedade, fato que n\u00e3o pode ser banalizado. \u00c9 uma mensagem extremamente brutal e aponta liga\u00e7\u00e3o com as situa\u00e7\u00f5es de trabalho.\u201d<\/p>\n<p>Em mat\u00e9ria do El Pa\u00eds, Llorens Serrano, pesquisadora da Universidade Aut\u00f4noma de Barcelona e do Instituto Sindical de Trabalho, Ambiente e Sa\u00fade (ISTAS), se referindo a uma metarrevis\u00e3o de 72 estudos mundiais nos \u00faltimos dez anos, afirma que, quando se trabalha em condi\u00e7\u00f5es prec\u00e1rias e com baixo poder decis\u00f3rio sobre as tarefas, a possibilidade de cair em depress\u00e3o \u00e9 de 77%. Se a inseguran\u00e7a trabalhista \u00e9 elevada, a possibilidade \u00e9 de 71%, e de 77% no caso da ansiedade.<\/p>\n<p>Outra pesquisa do Dieese, desta vez sobre Teletrabalho, mostra o alto \u00edndice de pessoas com medo de ser esquecidos\/dispensados (56,8%); ansiedade (65,4%), entre outras quest\u00f5es preocupantes. Nos dados preliminares de pesquisa sobre sequelas da Covid-19, realizado em parceria com a Universidade de Campinas (Unicamp), tamb\u00e9m aparecem quest\u00f5es preocupantes: N\u00e3o me sinto alegre (45%); cabe\u00e7a cheia de preocupa\u00e7\u00f5es (67,1%).<\/p>\n<p>\u201cS\u00e3o dados que ilustram a situa\u00e7\u00e3o de alerta \u00e0 qual devemos estar atentos. Vivemos um momento de alto risco para que aconte\u00e7am ainda mais trag\u00e9dias contra os trabalhadores. A press\u00e3o exercida pelos bancos para garantir resultados, utilizando m\u00e9todos perversos, est\u00e1 deixando os banc\u00e1rios em um n\u00edvel de sofrimento extremo. Isto tem levado a um n\u00famero crescente de adoecimento ps\u00edquico. Tamb\u00e9m, no extremo do desespero, produz n\u00edvel elevado de suic\u00eddios\u201d, afirmou o secret\u00e1rio de Sa\u00fade da Contraf-CUT.<\/p>\n<h3>Contexto atual \u00e9 de alto risco<\/h3>\n<p>De acordo com Mauro Salles, no contexto atual h\u00e1 uma conjun\u00e7\u00e3o de fatores que potencializa trag\u00e9dias, como um mal-estar da civiliza\u00e7\u00e3o com desemprego, desigualdade, falta de perspectiva, medo de perder emprego, de n\u00e3o estar \u00e0 altura, de n\u00e3o poder sustentar sua fam\u00edlia. \u201cAs mudan\u00e7as profundas no mundo do trabalho banc\u00e1rio, com reestrutura\u00e7\u00f5es permanentes, mudan\u00e7as no modelo de neg\u00f3cio, demiss\u00f5es, descomissionamentos\u2026 A concorr\u00eancia no setor aumenta a press\u00e3o sobre os banc\u00e1rios, onde a exig\u00eancia de resultados com metas abusivas, com a prolifera\u00e7\u00e3o do ass\u00e9dio moral, tem impactado a sa\u00fade\u201d, explicou.<\/p>\n<p>Segundo o dirigente da Contraf-CUT, a pandemia agrava a situa\u00e7\u00e3o. \u201cMais uma vez o medo. Medo do cont\u00e1gio, de adoecer, necessidade de proteger familiares, em um conv\u00edvio com a morte que est\u00e1 \u00e0 nossa volta. Agravando a situa\u00e7\u00e3o vemos os bancos intensificarem a press\u00e3o em um momento de crise sanit\u00e1ria. Somam-se a isso as institui\u00e7\u00f5es hostis. Um governo Federal que faz de tudo para prejudicar os trabalhadores, com constantes ataques aos nossos direitos, desmontando a fiscaliza\u00e7\u00e3o do trabalho e dificultando o acesso aos direitos previdenci\u00e1rios. O Congresso votando medidas contra os direitos, com retrocessos poucas vezes vistos. E a balan\u00e7a do judici\u00e1rio pende a favor do capital.\u201d<\/p>\n<h3>Medidas urgentes s\u00e3o necess\u00e1rias<\/h3>\n<p>Como in\u00fameras pesquisas indicam, h\u00e1 estreita liga\u00e7\u00e3o do adoecimento com as pol\u00edticas de pessoal. \u201cComo prescreve a legisla\u00e7\u00e3o, precisamos exigir dos bancos pol\u00edticas efetivas de preven\u00e7\u00e3o, monitoramento e controle da sa\u00fade dos banc\u00e1rios, nas quais o imperativo seja reconhecimentos dos riscos ergon\u00f4micos, psicossocial e agora o biol\u00f3gico. Da mesma maneira, \u00e9 essencial que haja uma aten\u00e7\u00e3o aos colegas que adoecem, garantindo condi\u00e7\u00f5es para tratamento. E, acima de tudo, o fim das metas abusivas, o consequente ass\u00e9dio moral e a press\u00e3o pelos resultados. N\u00e3o podemos deixar de apontar a necessidade de cobrar a responsabilidade dos bancos em rela\u00e7\u00e3o \u00e0s sequelas da Covid-19 em colegas infectados, pois elas impactam a vida profissional e a sa\u00fade. Ainda mais quando temos not\u00edcias de colegas trabalhando sem as condi\u00e7\u00f5es plenas de sa\u00fade. Sem esquecer que vamos conviver com a pandemia por um tempo indeterminado e devem ser mantidas as medidas protetivas dos ambientes de trabalho e dos trabalhadores\u201d, apontou.<\/p>\n<p>Para o secret\u00e1rio de Sa\u00fade da Contraf-CUT, \u00e9 necess\u00e1rio registrar essa situa\u00e7\u00e3o tr\u00e1gica para podermos, ao conhecer e reconhecer a realidade, transform\u00e1-la, responsabilizando quem despreza a sa\u00fade e a vida das pessoas, em todas as esferas sociais. \u201cEstamos avisando que estes riscos psicossociais levam a in\u00fameras situa\u00e7\u00f5es de adoecimento. Precisamos enfrentar a situa\u00e7\u00e3o onde os empregadores t\u00eam responsabilidade. Atrav\u00e9s da luta comunit\u00e1ria, reatando nossos la\u00e7os solid\u00e1rios, os homens e as mulheres podem e devem controlar os bancos. S\u00f3 assim poderemos evitar as trag\u00e9dias cotidianas que assolam nossa categoria\u201d, finalizou.<\/p>\n<p><strong>Fonte: Contraf-CUT<\/strong><\/p>\n","protected":false},"excerpt":{"rendered":"<p>O secret\u00e1rio de Sa\u00fade da Confedera\u00e7\u00e3o Nacional dos Trabalhadores do Ramo Financeiro (Contraf-CUT), Mauro Salles, acredita que os recentes casos de suic\u00eddios de banc\u00e1rios em todo o Brasil refor\u00e7am a necessidade de que medidas sejam tomadas para proteger a integridade f\u00edsica e mental dos colegas. \u201cSuic\u00eddio tem m\u00faltiplas causas, mas o trabalho \u00e9 um potencial [&hellip;]<\/p>\n","protected":false},"author":2,"featured_media":11644,"comment_status":"","ping_status":"","sticky":false,"template":"","format":"standard","meta":{"footnotes":""},"categories":[3],"tags":[],"class_list":["post-11645","post","type-post","status-publish","format-standard","has-post-thumbnail","hentry","category-noticias"],"_links":{"self":[{"href":"https:\/\/hostnetart.com.br\/baixada\/wp-json\/wp\/v2\/posts\/11645","targetHints":{"allow":["GET"]}}],"collection":[{"href":"https:\/\/hostnetart.com.br\/baixada\/wp-json\/wp\/v2\/posts"}],"about":[{"href":"https:\/\/hostnetart.com.br\/baixada\/wp-json\/wp\/v2\/types\/post"}],"author":[{"embeddable":true,"href":"https:\/\/hostnetart.com.br\/baixada\/wp-json\/wp\/v2\/users\/2"}],"replies":[{"embeddable":true,"href":"https:\/\/hostnetart.com.br\/baixada\/wp-json\/wp\/v2\/comments?post=11645"}],"version-history":[{"count":0,"href":"https:\/\/hostnetart.com.br\/baixada\/wp-json\/wp\/v2\/posts\/11645\/revisions"}],"wp:featuredmedia":[{"embeddable":true,"href":"https:\/\/hostnetart.com.br\/baixada\/wp-json\/wp\/v2\/media\/11644"}],"wp:attachment":[{"href":"https:\/\/hostnetart.com.br\/baixada\/wp-json\/wp\/v2\/media?parent=11645"}],"wp:term":[{"taxonomy":"category","embeddable":true,"href":"https:\/\/hostnetart.com.br\/baixada\/wp-json\/wp\/v2\/categories?post=11645"},{"taxonomy":"post_tag","embeddable":true,"href":"https:\/\/hostnetart.com.br\/baixada\/wp-json\/wp\/v2\/tags?post=11645"}],"curies":[{"name":"wp","href":"https:\/\/api.w.org\/{rel}","templated":true}]}}