{"id":1164,"date":"2013-06-28T00:00:00","date_gmt":"2013-06-28T03:00:00","guid":{"rendered":"https:\/\/hostnetart.com.br\/baixada\/cut-convoca-mobilizacao-em-torno-da-pauta-da-classe-trabalhadora\/"},"modified":"2013-06-28T00:00:00","modified_gmt":"2013-06-28T03:00:00","slug":"cut-convoca-mobilizacao-em-torno-da-pauta-da-classe-trabalhadora","status":"publish","type":"post","link":"https:\/\/hostnetart.com.br\/baixada\/cut-convoca-mobilizacao-em-torno-da-pauta-da-classe-trabalhadora\/","title":{"rendered":"CUT convoca mobiliza\u00e7\u00e3o em torno da pauta da classe trabalhadora"},"content":{"rendered":"<p>Reunida na quarta e quinta-feira, dias 26 e 27, em S\u00e3o Paulo, a Dire\u00e7\u00e3o Nacional da CUT divulgou resolu\u00e7\u00e3o, onde convoca trabalhadores e trabalhadoras e suas organiza\u00e7\u00f5es para mobiliza\u00e7\u00e3o em torno da Pauta da Classe Trabalhadora. A CUT refor\u00e7a o Dia Nacional de Luta marcado para 11 de julho e afirma que continua nas ruas lutando para definir os rumos do Brasil.<\/p>\n<p>\u00a0<\/p>\n<p>\u00a0<\/p>\n<p><strong>Confira a \u00edntegra da resolu\u00e7\u00e3o:<\/strong><\/p>\n<p>\u00a0<\/p>\n<p>1) A Dire\u00e7\u00e3o Nacional da CUT, reunida em S\u00e3o Paulo nos dias 26 e 27 de junho de 2013, convoca os trabalhadores e trabalhadoras e suas organiza\u00e7\u00f5es \u00e0 mobiliza\u00e7\u00e3o em torno da Pauta da Classe Trabalhadora, neste momento particular vivido pela na\u00e7\u00e3o brasileira.<\/p>\n<p>\u00a0<\/p>\n<p>Mobiliza\u00e7\u00f5es de milh\u00f5es em todo o pa\u00eds, que contaram com apoio e participa\u00e7\u00e3o de CUTistas, colocaram no centro da conjuntura a reivindica\u00e7\u00e3o de redu\u00e7\u00e3o de tarifas e a qualidade do transporte p\u00fablico, sa\u00fade e educa\u00e7\u00e3o p\u00fablica de qualidade, expressando um descontentamento com a forma como as institui\u00e7\u00f5es pol\u00edticas v\u00eam funcionando, e j\u00e1 teve resultados concretos; as massas na rua conquistaram a redu\u00e7\u00e3o de tarifas do transporte p\u00fablico, na maioria das capitais e in\u00fameras cidades, a quest\u00e3o da reforma pol\u00edtica \u2013 bandeira da CUT \u2013 saiu da paralisia de um debate viciado no Parlamento e est\u00e1 posta para o amplo debate na sociedade.<\/p>\n<p>\u00a0<\/p>\n<p>Ao mesmo tempo constatamos que a m\u00eddia, setores conservadores e de direita tentaram influir nas mobiliza\u00e7\u00f5es por objetivos estranhos aos interesses da imensa maioria do povo brasileiro.<\/p>\n<p>\u00a0<\/p>\n<p>2) A Dire\u00e7\u00e3o Nacional da CUT considera de fundamental import\u00e2ncia a participa\u00e7\u00e3o organizada da classe trabalhadora neste novo cen\u00e1rio para dar uma sa\u00edda positiva a esta situa\u00e7\u00e3o. Por isso, endossamos a proposta de \u201cDia Nacional de Luta, com mobiliza\u00e7\u00f5es, paralisa\u00e7\u00f5es e greves\u201d em 11 de julho, acordada com o conjunto das Centrais Sindicais e apoiada por movimentos sociais e populares.<\/p>\n<p>\u00a0<\/p>\n<p>A Pauta Unit\u00e1ria das Centrais para o Dia Nacional de Luta de 11 de julho inclui:<\/p>\n<p>\u00a0<\/p>\n<p>&#8211; contra o PL 4330, da \u201cterceiriza\u00e7\u00e3o\u201d, que retira direitos dos trabalhadores brasileiros e precariza ainda mais as rela\u00e7\u00f5es de trabalho no Brasil; esse Projeto precisa ser varrido imediatamente da pauta do Congresso Nacional;<\/p>\n<p>\u00a0<\/p>\n<p>&#8211; que as redu\u00e7\u00f5es de tarifa do transporte n\u00e3o sejam acompanhadas de qualquer corte dos gastos sociais;<\/p>\n<p>\u00a0<\/p>\n<p>&#8211; 10% do or\u00e7amento da Uni\u00e3o para a sa\u00fade p\u00fablica;<\/p>\n<p>\u00a0<\/p>\n<p>&#8211; 10% do PIB para a educa\u00e7\u00e3o p\u00fablica, \u201cverbas p\u00fablicas s\u00f3 para o setor p\u00fablico\u201d;<\/p>\n<p>\u00a0<\/p>\n<p>&#8211; fim do fator previdenci\u00e1rio;<\/p>\n<p>\u00a0<\/p>\n<p>&#8211; Redu\u00e7\u00e3o da Jornada de Trabalho para 40 horas sem redu\u00e7\u00e3o de sal\u00e1rios;<\/p>\n<p>\u00a0<\/p>\n<p>&#8211; Reforma Agr\u00e1ria;<\/p>\n<p>\u00a0<\/p>\n<p>&#8211; suspens\u00e3o dos Leil\u00f5es de Petr\u00f3leo.<\/p>\n<p>\u00a0<\/p>\n<p>A CUT defende esses pontos unit\u00e1rios, mas, em conjunto com os movimentos sociais, levantar\u00e1 tamb\u00e9m, na prepara\u00e7\u00e3o do 11 de julho, a luta pela Democratiza\u00e7\u00e3o da M\u00eddia e por uma Reforma Pol\u00edtica que passe por um Plebiscito Popular.<\/p>\n<p>\u00a0<\/p>\n<p>A CUT considera que os recursos para investir na melhoria dos servi\u00e7os p\u00fablicos existem: bilh\u00f5es de recursos p\u00fablicos foram dados aos empres\u00e1rios na forma de isen\u00e7\u00f5es, desonera\u00e7\u00f5es e cr\u00e9ditos p\u00fablicos subsidiados sem exigir contrapartidas; bilh\u00f5es est\u00e3o destinados ao super\u00e1vit prim\u00e1rio para pagar a d\u00edvida.<\/p>\n<p>\u00a0<\/p>\n<p>3) A Dire\u00e7\u00e3o Nacional da CUT convoca todas as Estaduais da CUT a ocuparem seu lugar nesta nova situa\u00e7\u00e3o, organizando de imediato plen\u00e1rias com todos os sindicatos filiados e, a partir da\u00ed, reuni\u00f5es com os movimentos sociais e populares aliados, para preparar a mobiliza\u00e7\u00e3o no dia 11 de julho em todas as capitais e cidades importantes do pa\u00eds com base nas seguintes orienta\u00e7\u00f5es:<\/p>\n<p>\u00a0<\/p>\n<p>a) Tendo em vista a iminente vota\u00e7\u00e3o no Congresso (Comiss\u00e3o de Constitui\u00e7\u00e3o e Justi\u00e7a) em 9 de julho, do PL 4330, a Dire\u00e7\u00e3o Nacional da CUT prop\u00f5e que, em 4 de julho seja realizada uma jornada de advert\u00eancia, com paralisa\u00e7\u00f5es em categorias chaves, pela derrubada do PL 4330. No pr\u00f3prio dia 9 de julho, a CUT mobilizar\u00e1 sindicalistas para press\u00e3o direta no Congresso contra o PL 4330.<\/p>\n<p>\u00a0<\/p>\n<p>b) No dia 11 de julho, Dia Nacional de Luta com manifesta\u00e7\u00f5es, paralisa\u00e7\u00f5es e greves, a Dire\u00e7\u00e3o Nacional da CUT orienta que sejam priorizadas paralisa\u00e7\u00f5es nos diferentes Ramos e categorias CUTistas que podem e devem incorporar suas reivindica\u00e7\u00f5es espec\u00edficas neste movimento de conjunto de nossa classe.<\/p>\n<p>\u00a0<\/p>\n<p>\u00a0<\/p>\n<p><strong>A CUT continua nas ruas lutando para definir os rumos do Brasil!<\/strong><\/p>\n<p>\u00a0<\/p>\n<p>S\u00e3o Paulo, 27 de junho de 2013.<\/p>\n<p>\u00a0<\/p>\n<p>Dire\u00e7\u00e3o Nacional da CUT<\/p>\n<p>\u00a0<\/p>\n<p>Fonte: CUT<\/p>\n","protected":false},"excerpt":{"rendered":"<p>Reunida na quarta e quinta-feira, dias 26 e 27, em S\u00e3o Paulo, a Dire\u00e7\u00e3o Nacional da CUT divulgou resolu\u00e7\u00e3o, onde convoca trabalhadores e trabalhadoras e suas organiza\u00e7\u00f5es para mobiliza\u00e7\u00e3o em torno da Pauta da Classe Trabalhadora. A CUT refor\u00e7a o Dia Nacional de Luta marcado para 11 de julho e afirma que continua nas ruas [&hellip;]<\/p>\n","protected":false},"author":1,"featured_media":0,"comment_status":"","ping_status":"","sticky":false,"template":"","format":"standard","meta":{"footnotes":""},"categories":[3],"tags":[],"class_list":["post-1164","post","type-post","status-publish","format-standard","hentry","category-noticias"],"_links":{"self":[{"href":"https:\/\/hostnetart.com.br\/baixada\/wp-json\/wp\/v2\/posts\/1164","targetHints":{"allow":["GET"]}}],"collection":[{"href":"https:\/\/hostnetart.com.br\/baixada\/wp-json\/wp\/v2\/posts"}],"about":[{"href":"https:\/\/hostnetart.com.br\/baixada\/wp-json\/wp\/v2\/types\/post"}],"author":[{"embeddable":true,"href":"https:\/\/hostnetart.com.br\/baixada\/wp-json\/wp\/v2\/users\/1"}],"replies":[{"embeddable":true,"href":"https:\/\/hostnetart.com.br\/baixada\/wp-json\/wp\/v2\/comments?post=1164"}],"version-history":[{"count":0,"href":"https:\/\/hostnetart.com.br\/baixada\/wp-json\/wp\/v2\/posts\/1164\/revisions"}],"wp:attachment":[{"href":"https:\/\/hostnetart.com.br\/baixada\/wp-json\/wp\/v2\/media?parent=1164"}],"wp:term":[{"taxonomy":"category","embeddable":true,"href":"https:\/\/hostnetart.com.br\/baixada\/wp-json\/wp\/v2\/categories?post=1164"},{"taxonomy":"post_tag","embeddable":true,"href":"https:\/\/hostnetart.com.br\/baixada\/wp-json\/wp\/v2\/tags?post=1164"}],"curies":[{"name":"wp","href":"https:\/\/api.w.org\/{rel}","templated":true}]}}