{"id":11637,"date":"2021-10-21T13:23:17","date_gmt":"2021-10-21T16:23:17","guid":{"rendered":"https:\/\/hostnetart.com.br\/baixada\/caixa-quer-transferir-gerentes-pj-sem-negociacao\/"},"modified":"2021-10-21T13:23:17","modified_gmt":"2021-10-21T16:23:17","slug":"caixa-quer-transferir-gerentes-pj-sem-negociacao","status":"publish","type":"post","link":"https:\/\/hostnetart.com.br\/baixada\/caixa-quer-transferir-gerentes-pj-sem-negociacao\/","title":{"rendered":"Caixa quer transferir gerentes PJ sem negocia\u00e7\u00e3o"},"content":{"rendered":"<p>A Confedera\u00e7\u00e3o Nacional dos Trabalhadores do Ramo Financeiro (Contraf-CUT) enviou um of\u00edcio \u00e0 Caixa Econ\u00f4mica Federal, na ter\u00e7a-feira (19), solicitando informa\u00e7\u00f5es sobre o remanejamento de gerentes de carteira de pessoas jur\u00eddicas (PJ).<\/p>\n<p>\u201cRecebemos den\u00fancias de que, nos pr\u00f3ximos dias, acontecer\u00e3o remo\u00e7\u00f5es de gerentes PJ das ag\u00eancias onde atualmente tem mais de um gerente de carteira PJ, permanecendo apenas um por ag\u00eancia. Os mesmos ser\u00e3o alocados nas ag\u00eancias onde atualmente n\u00e3o existem gerentes PJ\u201d, informou a coordenadora da Comiss\u00e3o Executiva dos Empregados (CEE) da Caixa, Fabiana Uehara Proscholdt, que tamb\u00e9m \u00e9 secret\u00e1ria de Cultura da Contraf-CUT. \u201cIsso tem gerado instabilidade entre os empregados e pode tamb\u00e9m acarretar grandes transtornos, pois para os remanejados poder\u00e1 existir, inclusive, mudan\u00e7a de cidade. Tudo isso \u00e9 feito sem aviso pr\u00e9vio ou qualquer negocia\u00e7\u00e3o com a representa\u00e7\u00e3o dos trabalhadores\u201d, ressaltou.<\/p>\n<p>Fabiana diz haver relatos de transfer\u00eancias entre ag\u00eancias distantes at\u00e9 300 quil\u00f4metros uma da outra. \u201cE o banco diz que o gerente pode escolher para qual unidade quer ser transferido, mas a verdade \u00e9 que n\u00e3o existe op\u00e7\u00e3o\u201d, criticou.<\/p>\n<p>No of\u00edcio, a Contraf-CUT observa que o Acordo Coletivo de Trabalho 2020\/2021 estabelece, em sua cl\u00e1usula 47\u00aa, par\u00e1grafo segundo, que a Caixa deve debater em mesa de negocia\u00e7\u00e3o qualquer mudan\u00e7a que fa\u00e7a e\/ou cause impactos na vida dos empregados.<\/p>\n<p>\u201cEsperamos que a Caixa nos contate para buscarmos, o quanto antes, a solu\u00e7\u00e3o\u201d, concluiu a dirigente da Contraf-CUT.<\/p>\n<p><strong>Fonte: Contraf-CUT<\/strong><\/p>\n","protected":false},"excerpt":{"rendered":"<p>A Confedera\u00e7\u00e3o Nacional dos Trabalhadores do Ramo Financeiro (Contraf-CUT) enviou um of\u00edcio \u00e0 Caixa Econ\u00f4mica Federal, na ter\u00e7a-feira (19), solicitando informa\u00e7\u00f5es sobre o remanejamento de gerentes de carteira de pessoas jur\u00eddicas (PJ). \u201cRecebemos den\u00fancias de que, nos pr\u00f3ximos dias, acontecer\u00e3o remo\u00e7\u00f5es de gerentes PJ das ag\u00eancias onde atualmente tem mais de um gerente de carteira [&hellip;]<\/p>\n","protected":false},"author":2,"featured_media":11636,"comment_status":"","ping_status":"","sticky":false,"template":"","format":"standard","meta":{"footnotes":""},"categories":[3],"tags":[],"class_list":["post-11637","post","type-post","status-publish","format-standard","has-post-thumbnail","hentry","category-noticias"],"_links":{"self":[{"href":"https:\/\/hostnetart.com.br\/baixada\/wp-json\/wp\/v2\/posts\/11637","targetHints":{"allow":["GET"]}}],"collection":[{"href":"https:\/\/hostnetart.com.br\/baixada\/wp-json\/wp\/v2\/posts"}],"about":[{"href":"https:\/\/hostnetart.com.br\/baixada\/wp-json\/wp\/v2\/types\/post"}],"author":[{"embeddable":true,"href":"https:\/\/hostnetart.com.br\/baixada\/wp-json\/wp\/v2\/users\/2"}],"replies":[{"embeddable":true,"href":"https:\/\/hostnetart.com.br\/baixada\/wp-json\/wp\/v2\/comments?post=11637"}],"version-history":[{"count":0,"href":"https:\/\/hostnetart.com.br\/baixada\/wp-json\/wp\/v2\/posts\/11637\/revisions"}],"wp:featuredmedia":[{"embeddable":true,"href":"https:\/\/hostnetart.com.br\/baixada\/wp-json\/wp\/v2\/media\/11636"}],"wp:attachment":[{"href":"https:\/\/hostnetart.com.br\/baixada\/wp-json\/wp\/v2\/media?parent=11637"}],"wp:term":[{"taxonomy":"category","embeddable":true,"href":"https:\/\/hostnetart.com.br\/baixada\/wp-json\/wp\/v2\/categories?post=11637"},{"taxonomy":"post_tag","embeddable":true,"href":"https:\/\/hostnetart.com.br\/baixada\/wp-json\/wp\/v2\/tags?post=11637"}],"curies":[{"name":"wp","href":"https:\/\/api.w.org\/{rel}","templated":true}]}}