{"id":11631,"date":"2021-10-20T14:23:04","date_gmt":"2021-10-20T17:23:04","guid":{"rendered":"https:\/\/hostnetart.com.br\/baixada\/auxilio-brasil-entre-o-combate-a-fome-e-os-interesses-do-mercado\/"},"modified":"2021-10-20T14:23:04","modified_gmt":"2021-10-20T17:23:04","slug":"auxilio-brasil-entre-o-combate-a-fome-e-os-interesses-do-mercado","status":"publish","type":"post","link":"https:\/\/hostnetart.com.br\/baixada\/auxilio-brasil-entre-o-combate-a-fome-e-os-interesses-do-mercado\/","title":{"rendered":"Aux\u00edlio Brasil: entre o combate \u00e0 fome e os interesses do mercado"},"content":{"rendered":"<p>Na \u00faltima hora, o governo Bolsonaro cancelou nesta ter\u00e7a-feira (19) o lan\u00e7amento do chamado Aux\u00edlio Brasil. A indecis\u00e3o se deu em fun\u00e7\u00e3o da falta de consenso em rela\u00e7\u00e3o ao valor do benef\u00edcio que deve substituir o Bolsa Fam\u00edlia, programa que completa 18 anos nesta quarta-feira (20). Al\u00e9m disso, houve rea\u00e7\u00e3o hist\u00e9rica dos agentes do mercado financeiro, que n\u00e3o aceitam que os gastos com o novo programa ultrapassem o teto de gastos.<\/p>\n<p>\u201cO governo n\u00e3o sabe se prioriza o mercado financeiro ou a quest\u00e3o da fome no Brasil\u201d, criticou o diretor t\u00e9cnico do Dieese, Fausto Augusto Junior. Em entrevista a Glauco Faria, para o\u00a0<em><a href=\"https:\/\/www.youtube.com\/watch?v=UMnOmfBmfTE\">Jornal Brasil Atual<\/a><\/em>, ele lamentou que a discuss\u00e3o do combate \u00e0 pobreza no Brasil fique subordinada aos interesses eleitorais de Bolsonaro, de um lado, e do mercado, de outro.<\/p>\n<p>\u201c\u00c9 muito triste ouvir na m\u00eddia tradicional que a principal discuss\u00e3o \u00e9 o\u00a0<a href=\"https:\/\/www.redebrasilatual.com.br\/educacao\/2021\/10\/teto-de-gastos-e-reformas-reduzem-direitos-ampliam-desigualdade-educacao\/\">teto de gastos<\/a>, o mercado financeiro e como essas movimenta\u00e7\u00f5es em rela\u00e7\u00e3o aos mais pobres poderia prejudicar o equil\u00edbrio das contas p\u00fablicas no Brasil. Quando a gente sabe que esse equil\u00edbrio passa muito mais pela taxa de juros e pelos gastos financeiros\u201d, disse Fausto.<\/p>\n<p>Por outro lado, ele destaca que, se os reajustes do Bolsa Fam\u00edlia n\u00e3o tivessem sido congelados a partir do governo Temer, os valores pagos aos benefici\u00e1rios alcan\u00e7ariam a faixa entre R$ 300 e R$ 400, que \u00e9 o que o governo discute entregar agora.<\/p>\n<h2><span style=\"text-decoration: underline;\">Cobertor curto<\/span><\/h2>\n<p>O novo programa Aux\u00edlio Brasil deve beneficiar 17 milh\u00f5es de pessoas, segundo o ministro da Cidadania, Jo\u00e3o Roma. Contudo, no auge da pandemia, o aux\u00edlio emergencial chegou a atender at\u00e9 68 milh\u00f5es de pessoas. Fausto destaca que mais de 50 milh\u00f5es ficar\u00e3o desassistidas, totalmente expostas ao\u00a0<a href=\"https:\/\/www.redebrasilatual.com.br\/economia\/2021\/09\/taxa-desemprego-estaciona-informalidade-cresce-renda-despenca\/\">mercado de trabalho<\/a>\u00a0precarizado com desemprego elevado. Diante desse quadro, o diretor do Dieese aponta que o ideal seria avan\u00e7ar para a implementa\u00e7\u00e3o da Renda B\u00e1sica de Cidadania, que funcionaria como uma esp\u00e9cie de \u201ccolch\u00e3o\u201d no enfrentamento \u00e0 pobreza.<\/p>\n<p>Al\u00e9m disso, ele afirma que falta transpar\u00eancia nos crit\u00e9rios a serem adotados no novo programa. Teme ainda que avan\u00e7os como Cadastro \u00danico\u00a0para Programas Sociais do governo federal (<a href=\"https:\/\/www.redebrasilatual.com.br\/cidadania\/2021\/08\/novo-bolsa-familia-exclui-22-milhoes-de-beneficiarios-bol\/\">Cad\u00danico<\/a>) sejam postos em risco. \u201cCabe lembrar que quando falamos de pol\u00edticas de transfer\u00eancia de renda, n\u00e3o estamos falando apenas de pol\u00edtica social. Mas tamb\u00e9m de pol\u00edtica econ\u00f4mica, uma vez que a entrada desses recursos serve para reativar a economia das pequenas cidades e regi\u00f5es mais pobres\u201d, ressaltou.<\/p>\n<p><strong>Fonte: Rede Brasil Atual<\/strong><\/p>\n","protected":false},"excerpt":{"rendered":"<p>Na \u00faltima hora, o governo Bolsonaro cancelou nesta ter\u00e7a-feira (19) o lan\u00e7amento do chamado Aux\u00edlio Brasil. A indecis\u00e3o se deu em fun\u00e7\u00e3o da falta de consenso em rela\u00e7\u00e3o ao valor do benef\u00edcio que deve substituir o Bolsa Fam\u00edlia, programa que completa 18 anos nesta quarta-feira (20). Al\u00e9m disso, houve rea\u00e7\u00e3o hist\u00e9rica dos agentes do mercado [&hellip;]<\/p>\n","protected":false},"author":2,"featured_media":11630,"comment_status":"","ping_status":"","sticky":false,"template":"","format":"standard","meta":{"footnotes":""},"categories":[3],"tags":[],"class_list":["post-11631","post","type-post","status-publish","format-standard","has-post-thumbnail","hentry","category-noticias"],"_links":{"self":[{"href":"https:\/\/hostnetart.com.br\/baixada\/wp-json\/wp\/v2\/posts\/11631","targetHints":{"allow":["GET"]}}],"collection":[{"href":"https:\/\/hostnetart.com.br\/baixada\/wp-json\/wp\/v2\/posts"}],"about":[{"href":"https:\/\/hostnetart.com.br\/baixada\/wp-json\/wp\/v2\/types\/post"}],"author":[{"embeddable":true,"href":"https:\/\/hostnetart.com.br\/baixada\/wp-json\/wp\/v2\/users\/2"}],"replies":[{"embeddable":true,"href":"https:\/\/hostnetart.com.br\/baixada\/wp-json\/wp\/v2\/comments?post=11631"}],"version-history":[{"count":0,"href":"https:\/\/hostnetart.com.br\/baixada\/wp-json\/wp\/v2\/posts\/11631\/revisions"}],"wp:featuredmedia":[{"embeddable":true,"href":"https:\/\/hostnetart.com.br\/baixada\/wp-json\/wp\/v2\/media\/11630"}],"wp:attachment":[{"href":"https:\/\/hostnetart.com.br\/baixada\/wp-json\/wp\/v2\/media?parent=11631"}],"wp:term":[{"taxonomy":"category","embeddable":true,"href":"https:\/\/hostnetart.com.br\/baixada\/wp-json\/wp\/v2\/categories?post=11631"},{"taxonomy":"post_tag","embeddable":true,"href":"https:\/\/hostnetart.com.br\/baixada\/wp-json\/wp\/v2\/tags?post=11631"}],"curies":[{"name":"wp","href":"https:\/\/api.w.org\/{rel}","templated":true}]}}