{"id":1163,"date":"2014-05-07T00:00:00","date_gmt":"2014-05-07T03:00:00","guid":{"rendered":"https:\/\/hostnetart.com.br\/baixada\/procon-promove-semana-da-educacao-financeira-para-orientar-clientes\/"},"modified":"2014-05-07T00:00:00","modified_gmt":"2014-05-07T03:00:00","slug":"procon-promove-semana-da-educacao-financeira-para-orientar-clientes","status":"publish","type":"post","link":"https:\/\/hostnetart.com.br\/baixada\/procon-promove-semana-da-educacao-financeira-para-orientar-clientes\/","title":{"rendered":"Procon promove semana da Educa\u00e7\u00e3o Financeira para orientar clientes"},"content":{"rendered":"<p>Para esclarecer d\u00favidas de consumidores com problemas financeiros, o Procon promove at\u00e9 a pr\u00f3xima sexta-feira (9) a primeira edi\u00e7\u00e3o da Semana Nacional de Educa\u00e7\u00e3o Financeira. O projeto, da Secretaria nacional do Consumidor (Senacon), ocorre simultaneamente em diversas regi\u00f5es do pa\u00eds. No Rio de Janeiro, o atendimento itinerante come\u00e7ou nesta ter\u00e7a-feira (6), no cal\u00e7ad\u00e3o de Campo Grande, zona oeste da cidade.<\/p>\n<p>A iniciativa tamb\u00e9m pretende orientar os consumidores sobre como usar dinheiro sem entrar em problemas com bancos. Nesta quarta-feira (7), o Procon M\u00f3vel estar\u00e1 em frente \u00e0 esta\u00e7\u00e3o de trem de Madureira, na zona norte da capital fluminense, atendendo ao p\u00fablico das 9h \u00e0s 17h. Para a coordenadora de atendimento do Procon, Soraia Panella, essa \u00e9 uma oportunidade da popula\u00e7\u00e3o aprender a ter uma melhor rela\u00e7\u00e3o com o consumo.<\/p>\n<p>\u201cAs a\u00e7\u00f5es t\u00eam o papel de mostrar que \u00e9 poss\u00edvel ser um consumidor consciente. A ideia tamb\u00e9m \u00e9 tentar resolver a demanda dos consumidores que nos procurarem com problemas financeiros, o quanto antes\u201d, explicou Panella.<\/p>\n<p>Na quinta-feira (8), um mutir\u00e3o com representantes de bancos e da C\u00e2mara dos Dirigentes Lojistas (CDL) do Rio de Janeiro ser\u00e1 realizado, no Largo da Carioca, centro do Rio, para verificar eventuais pend\u00eancias no Servi\u00e7o de Prote\u00e7\u00e3o ao Cr\u00e9dito (SPC). Oito advogados e uma equipe administrativa auxiliar\u00e3o os trabalhos dos representantes das institui\u00e7\u00f5es.<\/p>\n<p>\u201cO Procon sempre \u00e9 procurado por problemas ligados a bancos. Os mais comuns s\u00e3o em rela\u00e7\u00e3o a cheque especial, tarifas banc\u00e1rias e cart\u00e3o de cr\u00e9dito. Esse \u00faltimo, sem d\u00favida, \u00e9 uma das maiores dores de cabe\u00e7a da popula\u00e7\u00e3o. Mas um problema cr\u00f4nico, que talvez ultrapasse a demanda de cart\u00e3o de cr\u00e9dito, \u00e9 o banco consignado. Virou um problema de raiz para n\u00f3s\u201d, disse a coordenadora.<\/p>\n<p>Para receber orienta\u00e7\u00e3o no Procon M\u00f3vel, os consumidores devem levar identidade e CPF, al\u00e9m de documenta\u00e7\u00e3o que possa auxiliar na resolu\u00e7\u00e3o dos casos. Mais informa\u00e7\u00f5es podem ser obtidas no site da Semana de Educa\u00e7\u00e3o Financeira 2014.<\/p>\n<p>Fonte: Ag\u00eancia Brasil<\/p>\n","protected":false},"excerpt":{"rendered":"<p>Para esclarecer d\u00favidas de consumidores com problemas financeiros, o Procon promove at\u00e9 a pr\u00f3xima sexta-feira (9) a primeira edi\u00e7\u00e3o da Semana Nacional de Educa\u00e7\u00e3o Financeira. O projeto, da Secretaria nacional do Consumidor (Senacon), ocorre simultaneamente em diversas regi\u00f5es do pa\u00eds. No Rio de Janeiro, o atendimento itinerante come\u00e7ou nesta ter\u00e7a-feira (6), no cal\u00e7ad\u00e3o de Campo [&hellip;]<\/p>\n","protected":false},"author":1,"featured_media":0,"comment_status":"","ping_status":"","sticky":false,"template":"","format":"standard","meta":{"footnotes":""},"categories":[3],"tags":[],"class_list":["post-1163","post","type-post","status-publish","format-standard","hentry","category-noticias"],"_links":{"self":[{"href":"https:\/\/hostnetart.com.br\/baixada\/wp-json\/wp\/v2\/posts\/1163","targetHints":{"allow":["GET"]}}],"collection":[{"href":"https:\/\/hostnetart.com.br\/baixada\/wp-json\/wp\/v2\/posts"}],"about":[{"href":"https:\/\/hostnetart.com.br\/baixada\/wp-json\/wp\/v2\/types\/post"}],"author":[{"embeddable":true,"href":"https:\/\/hostnetart.com.br\/baixada\/wp-json\/wp\/v2\/users\/1"}],"replies":[{"embeddable":true,"href":"https:\/\/hostnetart.com.br\/baixada\/wp-json\/wp\/v2\/comments?post=1163"}],"version-history":[{"count":0,"href":"https:\/\/hostnetart.com.br\/baixada\/wp-json\/wp\/v2\/posts\/1163\/revisions"}],"wp:attachment":[{"href":"https:\/\/hostnetart.com.br\/baixada\/wp-json\/wp\/v2\/media?parent=1163"}],"wp:term":[{"taxonomy":"category","embeddable":true,"href":"https:\/\/hostnetart.com.br\/baixada\/wp-json\/wp\/v2\/categories?post=1163"},{"taxonomy":"post_tag","embeddable":true,"href":"https:\/\/hostnetart.com.br\/baixada\/wp-json\/wp\/v2\/tags?post=1163"}],"curies":[{"name":"wp","href":"https:\/\/api.w.org\/{rel}","templated":true}]}}