{"id":11629,"date":"2021-10-19T18:23:38","date_gmt":"2021-10-19T21:23:38","guid":{"rendered":"https:\/\/hostnetart.com.br\/baixada\/denuncia-contra-presidente-da-caixa-chega-ao-mpe-e-ao-tse\/"},"modified":"2021-10-19T18:23:38","modified_gmt":"2021-10-19T21:23:38","slug":"denuncia-contra-presidente-da-caixa-chega-ao-mpe-e-ao-tse","status":"publish","type":"post","link":"https:\/\/hostnetart.com.br\/baixada\/denuncia-contra-presidente-da-caixa-chega-ao-mpe-e-ao-tse\/","title":{"rendered":"Den\u00fancia contra presidente da Caixa chega ao MPE e ao TSE"},"content":{"rendered":"<p><a href=\"https:\/\/contrafcut.com.br\/noticias\/bancarios-denunciam-despesas-de-viagens-de-pedro-guimaraes-e-contrato-de-uso-de-imagem-de-cuiabano-lima\" target=\"_blank\" rel=\"noopener noreferrer\">A den\u00fancia<\/a>, feita pelo movimento sindical banc\u00e1rio contra o presidente da Caixa Econ\u00f4mica Federal, Pedro Guimar\u00e3es, de uso de recursos do banco para promo\u00e7\u00e3o pessoal e finalidade pol\u00edtica, foi encaminhada ao Minist\u00e9rio P\u00fablico Eleitoral e ao Tribunal Superior Eleitoral pelos ministros do Tribunal de Contas da Uni\u00e3o (TCU).<\/p>\n<p>Ao analisarem o processo, no dia 6 de outubro (Ac\u00f3rd\u00e3o 2391\/2021-PL), os ministros do TCU decidiram n\u00e3o aceitar (n\u00e3o conhecer) a den\u00fancia, sob o fundamento de que n\u00e3o houve comprova\u00e7\u00e3o dos ind\u00edcios de utiliza\u00e7\u00e3o de recursos da Caixa na realiza\u00e7\u00e3o de eventos, que configurariam campanha eleitoral antecipada do presidente da Caixa e do pr\u00f3prio presidente da Rep\u00fablica. Mas, declararam haver evidencias de poss\u00edvel realiza\u00e7\u00e3o de campanha eleitoral antecipada, fora do per\u00edodo permitido pela legisla\u00e7\u00e3o vigente. Por esse motivo, decidiram encaminhar c\u00f3pia da delibera\u00e7\u00e3o para conhecimento do Tribunal Superior Eleitoral e do Minist\u00e9rio P\u00fablico Eleitoral.<\/p>\n<p>\u201cOs ministros reconheceram que h\u00e1 evid\u00eancias de uso pessoal da Caixa para campanha eleitoral antecipada. Agora cabe ao Minist\u00e9rio P\u00fablico Eleitoral e ao Tribunal Superior Eleitoral darem prosseguimento ao processo\u201d, observou a coordenadora da Comiss\u00e3o Executiva dos Empregados (CEE) da Caixa, Fabiana Uehara Proscholdt, que tamb\u00e9m \u00e9 secret\u00e1ria de Cultura da Confedera\u00e7\u00e3o Nacional dos Trabalhadores do Ramo Financeiro (Contraf-CUT). \u201cVamos continuar acompanhando o caso com aten\u00e7\u00e3o, pois h\u00e1 evid\u00eancias de que houve o uso de recursos p\u00fablicos para finalidades pessoais e eleitorais. Neste caso, \u00e9 preciso que haja puni\u00e7\u00e3o dos culpados para evitarmos que a Caixa tenha sua imagem maculada. Isso atinge a institui\u00e7\u00e3o, seus empregados e toda a sociedade\u201d, completou Fabiana.<\/p>\n<p><strong>Fonte: Contraf-CUT<\/strong><\/p>\n","protected":false},"excerpt":{"rendered":"<p>A den\u00fancia, feita pelo movimento sindical banc\u00e1rio contra o presidente da Caixa Econ\u00f4mica Federal, Pedro Guimar\u00e3es, de uso de recursos do banco para promo\u00e7\u00e3o pessoal e finalidade pol\u00edtica, foi encaminhada ao Minist\u00e9rio P\u00fablico Eleitoral e ao Tribunal Superior Eleitoral pelos ministros do Tribunal de Contas da Uni\u00e3o (TCU). Ao analisarem o processo, no dia 6 [&hellip;]<\/p>\n","protected":false},"author":2,"featured_media":11628,"comment_status":"","ping_status":"","sticky":false,"template":"","format":"standard","meta":{"footnotes":""},"categories":[3],"tags":[],"class_list":["post-11629","post","type-post","status-publish","format-standard","has-post-thumbnail","hentry","category-noticias"],"_links":{"self":[{"href":"https:\/\/hostnetart.com.br\/baixada\/wp-json\/wp\/v2\/posts\/11629","targetHints":{"allow":["GET"]}}],"collection":[{"href":"https:\/\/hostnetart.com.br\/baixada\/wp-json\/wp\/v2\/posts"}],"about":[{"href":"https:\/\/hostnetart.com.br\/baixada\/wp-json\/wp\/v2\/types\/post"}],"author":[{"embeddable":true,"href":"https:\/\/hostnetart.com.br\/baixada\/wp-json\/wp\/v2\/users\/2"}],"replies":[{"embeddable":true,"href":"https:\/\/hostnetart.com.br\/baixada\/wp-json\/wp\/v2\/comments?post=11629"}],"version-history":[{"count":0,"href":"https:\/\/hostnetart.com.br\/baixada\/wp-json\/wp\/v2\/posts\/11629\/revisions"}],"wp:featuredmedia":[{"embeddable":true,"href":"https:\/\/hostnetart.com.br\/baixada\/wp-json\/wp\/v2\/media\/11628"}],"wp:attachment":[{"href":"https:\/\/hostnetart.com.br\/baixada\/wp-json\/wp\/v2\/media?parent=11629"}],"wp:term":[{"taxonomy":"category","embeddable":true,"href":"https:\/\/hostnetart.com.br\/baixada\/wp-json\/wp\/v2\/categories?post=11629"},{"taxonomy":"post_tag","embeddable":true,"href":"https:\/\/hostnetart.com.br\/baixada\/wp-json\/wp\/v2\/tags?post=11629"}],"curies":[{"name":"wp","href":"https:\/\/api.w.org\/{rel}","templated":true}]}}