{"id":11627,"date":"2021-10-19T17:26:56","date_gmt":"2021-10-19T20:26:56","guid":{"rendered":"https:\/\/hostnetart.com.br\/baixada\/sexta-feira-22-tem-negociacoes-com-a-caixa\/"},"modified":"2021-10-19T17:26:56","modified_gmt":"2021-10-19T20:26:56","slug":"sexta-feira-22-tem-negociacoes-com-a-caixa","status":"publish","type":"post","link":"https:\/\/hostnetart.com.br\/baixada\/sexta-feira-22-tem-negociacoes-com-a-caixa\/","title":{"rendered":"Sexta-feira (22) tem negocia\u00e7\u00f5es com a Caixa"},"content":{"rendered":"<p>A Comiss\u00e3o Executiva dos Empregados (CEE) da Caixa Econ\u00f4mica Federal se re\u00fane com o banco na pr\u00f3xima sexta-feira (22) para tratar sobre diversos temas relacionados \u00e0s condi\u00e7\u00f5es de trabalho nas ag\u00eancias e departamentos da Caixa. \u201cQueremos debater os assuntos que fazem parte do dia a dia dos empregados e que muitas vezes os levam \u00e0 sobrecarga de trabalho, ao estresse e ao adoecimento, como as metas desumanas e o ass\u00e9dio que s\u00e3o impostos junto com elas. Mas, tamb\u00e9m a promo\u00e7\u00e3o por m\u00e9rito, a movimenta\u00e7\u00e3o de caixas e tesoureiros, o GDP e at\u00e9 como est\u00e1 sendo pensado o retorno dos colegas que est\u00e3o em home office para o trabalho presencial. S\u00e3o todas quest\u00f5es que envolvem e precisam ser debatidas com os empregados\u201d, informou a coordenadora da CEE, Fabiana Uehara Proscholdt, que tamb\u00e9m \u00e9 secret\u00e1ria de Cultura da Confedera\u00e7\u00e3o Nacional dos Trabalhadores do Ramo Financeiro (Contraf-CUT).<\/p>\n<p>A CEE tamb\u00e9m quer debater sobre os valores referentes \u00e0 Participa\u00e7\u00e3o nos Lucros e\/ou Resultados\u00a0<a href=\"https:\/\/contrafcut.com.br\/noticias\/erro-na-plr-contraf-cut-envia-novo-oficio-a-caixa\" target=\"_blank\" rel=\"noopener noreferrer\">(PLR) pagos a menor<\/a>\u00a0e quest\u00f5es relacionadas \u00e0 Funda\u00e7\u00e3o dos Economi\u00e1rios Federais (Funcef), como a\u00a0<a href=\"https:\/\/www.in.gov.br\/materia\/-\/asset_publisher\/Kujrw0TZC2Mb\/content\/id\/52754258\/do1-2018-11-30-resolucao-cnpc-n-30-de-10-de-outubro-de-2018-52754012\" target=\"_blank\" rel=\"noopener noreferrer\">resolu\u00e7\u00e3o 30<\/a>\u00a0do Conselho Nacional de Previd\u00eancia Complementar (CNPC 30) e a incorpora\u00e7\u00e3o do\u00a0<a href=\"https:\/\/www.funcef.com.br\/portal\/menu-principal\/meu-plano\/reb\/\" target=\"_blank\" rel=\"noopener noreferrer\">Plano de Benef\u00edcios (REB)<\/a>\u00a0no\u00a0<a href=\"https:\/\/www.funcef.com.br\/portal\/menu-principal\/comunicacao\/novoplano-institucional-novo-plano.htm\" target=\"_blank\" rel=\"noopener noreferrer\">Novo Plano<\/a>\u00a0de previd\u00eancia da Funcef (veja a sugest\u00e3o de pauta enviada \u00e0 Caixa ao final deste texto).<\/p>\n<h3>Teletrabalho e banco de horas<\/h3>\n<p>A reuni\u00e3o de negocia\u00e7\u00e3o sobre teletrabalho e banco de horas, que estava prevista para acontecer nesta segunda-feira (18), foi desmarcada devido a Caixa n\u00e3o ter encontrado at\u00e9 o momento a solu\u00e7\u00e3o para a marca\u00e7\u00e3o de ponto de todos os empregados, tanto os que est\u00e3o em presencial quanto os que est\u00e3o em home office.<\/p>\n<p>\u201cDeixamos claro para a Caixa que as negocia\u00e7\u00f5es somente avan\u00e7am se houver a possibilidade de controle da jornada de todos os funcion\u00e1rios, pois sabemos que se n\u00e3o houver controle de jornada os trabalhadores acabam sendo for\u00e7ados a trabalhar al\u00e9m da hora e acabam n\u00e3o sendo remunerados por isso\u201d, disse Fabiana. Ainda n\u00e3o existe previs\u00e3o de data para a reuni\u00e3o.<\/p>\n<h3>Pauta sugerida para a reuni\u00e3o de sexta-feira (22)<\/h3>\n<ul>\n<li>PLR<\/li>\n<li>FUNCEF (CNPC 30 e Incorpora\u00e7\u00e3o do REB no Novo Plano)<\/li>\n<li>Programa de Gest\u00e3o de Desempenho (GDP) \u2013curva for\u00e7ada, colegas sem avalia\u00e7\u00e3o, metas impostas, obriga\u00e7\u00e3o de estar no TDV, e tem GGR cobrando no m\u00ednimo bronze.<\/li>\n<li>Programa Qualidade de Vend (PQV)<\/li>\n<li>Time de Vendas (TDV)<\/li>\n<li>Metas (ass\u00e9dio sistem\u00e1tico, desafios di\u00e1rios cada vez mais insanos e \u201csprint\u201d de produtos)<\/li>\n<li>Promo\u00e7\u00e3o por m\u00e9rito<\/li>\n<li>Movimenta\u00e7\u00e3o de caixas e tesoureiros<\/li>\n<li>Problemas no registro do in\u00edcio da jornada e retorno do intervalo, por vezes o sistema chega a demorar quase 20 minutos para permitir o registro do ponto.<\/li>\n<li>Ac\u00famulo de fun\u00e7\u00f5es (ex: crescente situa\u00e7\u00e3o do tesoureiro se tornar caixa, n\u00e3o como um ajudante, mas em per\u00edodo integral. Ag\u00eancias menores que est\u00e3o perdendo o caixa, est\u00e3o jogando tudo para cima do tesoureiro. E perdendo o tesoureiro, jogando para cima de gerente de varejo, assistente etc. Aumento absurdo de trabalho e retrabalho e no geral sem compensa\u00e7\u00e3o financeiro)<\/li>\n<li>Material prec\u00e1rio disponibilizados aos empregados nas unidades (computadores lentos, teclados, mouses e leitores de certificados com problemas\/defeituosos o que tem prejudicado sobremaneira o trabalho dos colegas)<\/li>\n<li>Necessidade de acesso ao \u201cRede Caixa\u201d nas esta\u00e7\u00f5es financeiras (como trabalhar sem riscos se n\u00e3o \u00e9 poss\u00edvel acessar o Sidec)<\/li>\n<li>Rec\u00e9m-admitidos que n\u00e3o est\u00e3o conseguindo obter o certificado digital, e por conta disso n\u00e3o conseguem executar uma s\u00e9rie de rotinas (e depois na avalia\u00e7\u00e3o ser\u00e3o cobrados do que n\u00e3o fizeram, mas n\u00e3o tinham condi\u00e7\u00f5es ideais de trabalho)<\/li>\n<li>Interaxa (os colegas t\u00eam que saber de tudo para atender os clientes, os gerentes n\u00e3o conseguem dar suporte porque tamb\u00e9m est\u00e3o atendendo, quem est\u00e1 em home office n\u00e3o bate ponto e acaba ficando mais tempo que a carga hor\u00e1ria) (tempo de inatividade para encerrar o atendimento no Interaxa, o normativo fala em 20 min. Isso \u00e9 muito tempo para ficar com o cliente na tela sem que ele responda. Em qualquer atendimento via WhatsApp esse tempo \u00e9 bem menor, geralmente 5min)<\/li>\n<li>Retorno do hor\u00e1rio de atendimento das ag\u00eancias ao hor\u00e1rio normal banc\u00e1rio<\/li>\n<li>Manuten\u00e7\u00e3o das equipes de apoio como vigilantes, recepcionistas, posso ajudar (temos recebido diversas den\u00fancias da retirada e isso prejudica a organiza\u00e7\u00e3o, triagem e afins)<\/li>\n<li>Protocolos contra o Covid-19<\/li>\n<\/ul>\n<p><strong>Fonte: Contraf-CUT<\/strong><\/p>\n","protected":false},"excerpt":{"rendered":"<p>A Comiss\u00e3o Executiva dos Empregados (CEE) da Caixa Econ\u00f4mica Federal se re\u00fane com o banco na pr\u00f3xima sexta-feira (22) para tratar sobre diversos temas relacionados \u00e0s condi\u00e7\u00f5es de trabalho nas ag\u00eancias e departamentos da Caixa. \u201cQueremos debater os assuntos que fazem parte do dia a dia dos empregados e que muitas vezes os levam \u00e0 [&hellip;]<\/p>\n","protected":false},"author":2,"featured_media":11626,"comment_status":"","ping_status":"","sticky":false,"template":"","format":"standard","meta":{"footnotes":""},"categories":[3],"tags":[],"class_list":["post-11627","post","type-post","status-publish","format-standard","has-post-thumbnail","hentry","category-noticias"],"_links":{"self":[{"href":"https:\/\/hostnetart.com.br\/baixada\/wp-json\/wp\/v2\/posts\/11627","targetHints":{"allow":["GET"]}}],"collection":[{"href":"https:\/\/hostnetart.com.br\/baixada\/wp-json\/wp\/v2\/posts"}],"about":[{"href":"https:\/\/hostnetart.com.br\/baixada\/wp-json\/wp\/v2\/types\/post"}],"author":[{"embeddable":true,"href":"https:\/\/hostnetart.com.br\/baixada\/wp-json\/wp\/v2\/users\/2"}],"replies":[{"embeddable":true,"href":"https:\/\/hostnetart.com.br\/baixada\/wp-json\/wp\/v2\/comments?post=11627"}],"version-history":[{"count":0,"href":"https:\/\/hostnetart.com.br\/baixada\/wp-json\/wp\/v2\/posts\/11627\/revisions"}],"wp:featuredmedia":[{"embeddable":true,"href":"https:\/\/hostnetart.com.br\/baixada\/wp-json\/wp\/v2\/media\/11626"}],"wp:attachment":[{"href":"https:\/\/hostnetart.com.br\/baixada\/wp-json\/wp\/v2\/media?parent=11627"}],"wp:term":[{"taxonomy":"category","embeddable":true,"href":"https:\/\/hostnetart.com.br\/baixada\/wp-json\/wp\/v2\/categories?post=11627"},{"taxonomy":"post_tag","embeddable":true,"href":"https:\/\/hostnetart.com.br\/baixada\/wp-json\/wp\/v2\/tags?post=11627"}],"curies":[{"name":"wp","href":"https:\/\/api.w.org\/{rel}","templated":true}]}}