{"id":11623,"date":"2021-10-19T16:15:35","date_gmt":"2021-10-19T19:15:35","guid":{"rendered":"https:\/\/hostnetart.com.br\/baixada\/fim-do-auxilio-emergencial-vai-deixar-milhoes-em-situacao-de-vulnerabilidade\/"},"modified":"2021-10-19T16:15:35","modified_gmt":"2021-10-19T19:15:35","slug":"fim-do-auxilio-emergencial-vai-deixar-milhoes-em-situacao-de-vulnerabilidade","status":"publish","type":"post","link":"https:\/\/hostnetart.com.br\/baixada\/fim-do-auxilio-emergencial-vai-deixar-milhoes-em-situacao-de-vulnerabilidade\/","title":{"rendered":"Fim do aux\u00edlio emergencial vai deixar milh\u00f5es em situa\u00e7\u00e3o de vulnerabilidade"},"content":{"rendered":"<p>As \u00faltimas parcelas do aux\u00edlio emergencial, pago a fam\u00edlias em situa\u00e7\u00e3o de vulnerabilidade durante a pandemia, come\u00e7aram a ser depositadas nesta segunda-feira (18), mas o governo federal ainda n\u00e3o oficializou qual ser\u00e1 o futuro do programa. A menos de duas semanas do fim do m\u00eas, a indefini\u00e7\u00e3o traz inseguran\u00e7a a milh\u00f5es de pessoas.<\/p>\n<p>Diretora de Rela\u00e7\u00f5es Institucionais da Rede Brasileira de Renda B\u00e1sica, a ativista Paola Carvalho alerta para o clima de incerteza entre quem recebe o benef\u00edcio: \u201cOs relatos que n\u00f3s recebemos, pelo atendimento que a gente faz \u00e0s pessoas em rela\u00e7\u00e3o ao aux\u00edlio emergencial, s\u00e3o de completo desespero\u201d.<\/p>\n<p>Ela alerta para o risco de aumento ainda mais intenso da extrema pobreza. Para a ativista, a perspectiva de muitas fam\u00edlias \u201c\u00e9 de n\u00e3o saber o que fazer para sobreviver a partir do m\u00eas que vem\u201d.<\/p>\n<p class=\"has-background has-pale-cyan-blue-background-color\">Paola Carvalho ressalta que \u00e9 preciso discutir n\u00e3o apenas o aux\u00edlio emergencial, mas um programa de renda permanente, frente \u00e0s cenas de horror da busca da popula\u00e7\u00e3o por alimentos. \u201c\u00c9 a fila do osso, os p\u00e9s de galinha e as pessoas buscando comidas vencidas e estragadas no caminh\u00e3o de lixo. Um Brasil que muitas vezes o governo finge n\u00e3o existir\u201d.<\/p>\n<h2><span style=\"text-decoration: underline;\">Governo confuso<\/span><\/h2>\n<p>Tamb\u00e9m nesta segunda, o presidente Jair Bolsonaro disse que \u201cse Deus quiser, nesta semana resolveremos a extens\u00e3o do aux\u00edlio emergencial\u201d. Ele n\u00e3o deu qualquer detalhe, n\u00e3o especificou valores ou prazos. Por um lado, as afirma\u00e7\u00f5es podem ter sido uma sinaliza\u00e7\u00e3o de que o benef\u00edcio ser\u00e1 prolongado. Por\u00e9m, v\u00e3o contra o discurso do pr\u00f3prio governo.<\/p>\n<p>O plano oficial \u00e9 substituir o aux\u00edlio e o Bolsa Fam\u00edlia por um novo programa de transfer\u00eancia de renda, que seria pago a partir de novembro. No domingo (17), o ministro da Cidadania, Jo\u00e3o Roma, reafirmou essa inten\u00e7\u00e3o.<\/p>\n<p>O n\u00famero de pessoas atendidas, no entanto, ficar\u00e1 bem abaixo do que abrange o benef\u00edcio da pandemia atualmente. Em entrevista para a TV Brasil, Roma disse que o governo pretende pagar o novo aux\u00edlio a 17 milh\u00f5es de trabalhadoras e trabalhadores.<\/p>\n<p>Paola Carvalho lembra que o n\u00famero de atendidos hoje, oficialmente, \u00e9 superior a 30 milh\u00f5es. \u201cMesmo a amplia\u00e7\u00e3o do aux\u00edlio emergencial por um m\u00eas \u2013 para ganhar tempo na discuss\u00e3o da Medida Provis\u00f3ria do Aux\u00edlio Brasil \u2013 ou a transforma\u00e7\u00e3o para o Aux\u00edlio Brasil, significaria o atendimento de apenas 17 milh\u00f5es de fam\u00edlias\u201d.<\/p>\n<p>Ela destaca tamb\u00e9m o processo de enxugamento do benef\u00edcio: \u201cN\u00f3s come\u00e7amos com o aux\u00edlio emergencial para 68 milh\u00f5es de pessoas. Ainda em 2020, reduziu-se em 14 milh\u00f5es de pessoas. Significa que o pa\u00eds, ainda durante o auge da pandemia, perdeu um Bolsa Fam\u00edlia inteiro\u201d, relata.<\/p>\n<p>\u201cNa virada para 2021, n\u00f3s passamos os quatro meses em que a mortalidade foi maior sem o aux\u00edlio emergencial. Ele foi retomado em valores muito menores do que a necessidade da popula\u00e7\u00e3o. Lembrando que R$ 150 pagam aproximadamente um botij\u00e3o de g\u00e1s e um saco de arroz\u201d, finaliza a ativista.<\/p>\n<p><strong>Fonte: Rede Brasil Atual<\/strong><\/p>\n","protected":false},"excerpt":{"rendered":"<p>As \u00faltimas parcelas do aux\u00edlio emergencial, pago a fam\u00edlias em situa\u00e7\u00e3o de vulnerabilidade durante a pandemia, come\u00e7aram a ser depositadas nesta segunda-feira (18), mas o governo federal ainda n\u00e3o oficializou qual ser\u00e1 o futuro do programa. A menos de duas semanas do fim do m\u00eas, a indefini\u00e7\u00e3o traz inseguran\u00e7a a milh\u00f5es de pessoas. Diretora de [&hellip;]<\/p>\n","protected":false},"author":2,"featured_media":11622,"comment_status":"","ping_status":"","sticky":false,"template":"","format":"standard","meta":{"footnotes":""},"categories":[3],"tags":[],"class_list":["post-11623","post","type-post","status-publish","format-standard","has-post-thumbnail","hentry","category-noticias"],"_links":{"self":[{"href":"https:\/\/hostnetart.com.br\/baixada\/wp-json\/wp\/v2\/posts\/11623","targetHints":{"allow":["GET"]}}],"collection":[{"href":"https:\/\/hostnetart.com.br\/baixada\/wp-json\/wp\/v2\/posts"}],"about":[{"href":"https:\/\/hostnetart.com.br\/baixada\/wp-json\/wp\/v2\/types\/post"}],"author":[{"embeddable":true,"href":"https:\/\/hostnetart.com.br\/baixada\/wp-json\/wp\/v2\/users\/2"}],"replies":[{"embeddable":true,"href":"https:\/\/hostnetart.com.br\/baixada\/wp-json\/wp\/v2\/comments?post=11623"}],"version-history":[{"count":0,"href":"https:\/\/hostnetart.com.br\/baixada\/wp-json\/wp\/v2\/posts\/11623\/revisions"}],"wp:featuredmedia":[{"embeddable":true,"href":"https:\/\/hostnetart.com.br\/baixada\/wp-json\/wp\/v2\/media\/11622"}],"wp:attachment":[{"href":"https:\/\/hostnetart.com.br\/baixada\/wp-json\/wp\/v2\/media?parent=11623"}],"wp:term":[{"taxonomy":"category","embeddable":true,"href":"https:\/\/hostnetart.com.br\/baixada\/wp-json\/wp\/v2\/categories?post=11623"},{"taxonomy":"post_tag","embeddable":true,"href":"https:\/\/hostnetart.com.br\/baixada\/wp-json\/wp\/v2\/tags?post=11623"}],"curies":[{"name":"wp","href":"https:\/\/api.w.org\/{rel}","templated":true}]}}