{"id":11621,"date":"2021-10-19T16:03:05","date_gmt":"2021-10-19T19:03:05","guid":{"rendered":"https:\/\/hostnetart.com.br\/baixada\/sindicato-dos-bancarios-da-baixada-fluminense-reintegra-mais-um-funcionario-do-bradesco\/"},"modified":"2021-10-19T16:03:05","modified_gmt":"2021-10-19T19:03:05","slug":"sindicato-dos-bancarios-da-baixada-fluminense-reintegra-mais-um-funcionario-do-bradesco","status":"publish","type":"post","link":"https:\/\/hostnetart.com.br\/baixada\/sindicato-dos-bancarios-da-baixada-fluminense-reintegra-mais-um-funcionario-do-bradesco\/","title":{"rendered":"Sindicato dos Banc\u00e1rios da Baixada Fluminense reintegra mais um funcion\u00e1rio do Bradesco"},"content":{"rendered":"<p>Mais um trabalhador, funcion\u00e1rio do Banco Bradesco, foi reintegrado pelo Sindicato dos Banc\u00e1rios da Baixada Fluminense.<\/p>\n<p>A reintegra\u00e7\u00e3o foi realizada nesta ter\u00e7a-feira, 19 de outubro, na ag\u00eancia\u00a0129 &#8211; Av. Brigadeiro Lima e Silva,\u00a0localizada no Centro de Duque de Caxias, e foi acompanhada pelos diretores Martins, Newton Fran\u00e7a, Ricardo S\u00e1, Claudio Leite, Roberto Domingos e Marcelo Silva.<\/p>\n<p>Felipe Michel Monteiro de Melo foi desligado em plena pandemia do novo coronav\u00edrus, contrariando o compromisso de n\u00e3o demiss\u00e3o que os grandes bancos assumiram. E foi reintegrado\u00a0atrav\u00e9s de\u00a0Mandado de Seguran\u00e7a, que determinou que o banc\u00e1rio fosse reintegrado.<\/p>\n<p>IMPORTANTE<\/p>\n<p>Felipe \u00e9 sindicalizado e, logo ap\u00f3s seu desligamento, procurou atendimento no Sindicato dos Banc\u00e1rios da Baixada Fluminense, onde foi prontamente atendido pelos Departamentos Jur\u00eddico e de Sa\u00fade.<\/p>\n<p>\u00c9 fundamental que banc\u00e1rias e banc\u00e1rios, logo que sejam informados de suas demiss\u00f5es, procurem imediatamente atendimento no Sindicato.<\/p>\n<p>SINDICALIZE-SE<\/p>\n","protected":false},"excerpt":{"rendered":"<p>Mais um trabalhador, funcion\u00e1rio do Banco Bradesco, foi reintegrado pelo Sindicato dos Banc\u00e1rios da Baixada Fluminense. A reintegra\u00e7\u00e3o foi realizada nesta ter\u00e7a-feira, 19 de outubro, na ag\u00eancia\u00a0129 &#8211; Av. Brigadeiro Lima e Silva,\u00a0localizada no Centro de Duque de Caxias, e foi acompanhada pelos diretores Martins, Newton Fran\u00e7a, Ricardo S\u00e1, Claudio Leite, Roberto Domingos e Marcelo [&hellip;]<\/p>\n","protected":false},"author":2,"featured_media":11620,"comment_status":"","ping_status":"","sticky":false,"template":"","format":"standard","meta":{"footnotes":""},"categories":[3],"tags":[],"class_list":["post-11621","post","type-post","status-publish","format-standard","has-post-thumbnail","hentry","category-noticias"],"_links":{"self":[{"href":"https:\/\/hostnetart.com.br\/baixada\/wp-json\/wp\/v2\/posts\/11621","targetHints":{"allow":["GET"]}}],"collection":[{"href":"https:\/\/hostnetart.com.br\/baixada\/wp-json\/wp\/v2\/posts"}],"about":[{"href":"https:\/\/hostnetart.com.br\/baixada\/wp-json\/wp\/v2\/types\/post"}],"author":[{"embeddable":true,"href":"https:\/\/hostnetart.com.br\/baixada\/wp-json\/wp\/v2\/users\/2"}],"replies":[{"embeddable":true,"href":"https:\/\/hostnetart.com.br\/baixada\/wp-json\/wp\/v2\/comments?post=11621"}],"version-history":[{"count":0,"href":"https:\/\/hostnetart.com.br\/baixada\/wp-json\/wp\/v2\/posts\/11621\/revisions"}],"wp:featuredmedia":[{"embeddable":true,"href":"https:\/\/hostnetart.com.br\/baixada\/wp-json\/wp\/v2\/media\/11620"}],"wp:attachment":[{"href":"https:\/\/hostnetart.com.br\/baixada\/wp-json\/wp\/v2\/media?parent=11621"}],"wp:term":[{"taxonomy":"category","embeddable":true,"href":"https:\/\/hostnetart.com.br\/baixada\/wp-json\/wp\/v2\/categories?post=11621"},{"taxonomy":"post_tag","embeddable":true,"href":"https:\/\/hostnetart.com.br\/baixada\/wp-json\/wp\/v2\/tags?post=11621"}],"curies":[{"name":"wp","href":"https:\/\/api.w.org\/{rel}","templated":true}]}}