{"id":11613,"date":"2021-10-18T18:19:24","date_gmt":"2021-10-18T21:19:24","guid":{"rendered":"https:\/\/hostnetart.com.br\/baixada\/gerentes-se-reunem-com-administracao-bb-para-tratar-de-sobrecarga-resultante-da-reestruturacao\/"},"modified":"2021-10-18T18:19:24","modified_gmt":"2021-10-18T21:19:24","slug":"gerentes-se-reunem-com-administracao-bb-para-tratar-de-sobrecarga-resultante-da-reestruturacao","status":"publish","type":"post","link":"https:\/\/hostnetart.com.br\/baixada\/gerentes-se-reunem-com-administracao-bb-para-tratar-de-sobrecarga-resultante-da-reestruturacao\/","title":{"rendered":"Gerentes se re\u00fanem com administra\u00e7\u00e3o BB para tratar de sobrecarga resultante da reestrutura\u00e7\u00e3o"},"content":{"rendered":"<p>Gerentes de servi\u00e7o conseguiram realizar uma reuni\u00e3o com a administra\u00e7\u00e3o do Banco do Brasil, na quinta-feira (14), a respeito do ac\u00famulo de fun\u00e7\u00f5es que vem causando o adoecimento entre os funcion\u00e1rios. O encontrou ocorreu em resposta a um of\u00edcio enviado pela Confedera\u00e7\u00e3o Nacional dos Trabalhadores do Ramo Financeiro (Contraf-CUT), com o pedido para uma reuni\u00e3o entre as duas partes.<\/p>\n<p>\u201cN\u00f3s valorizamos a mesa de negocia\u00e7\u00e3o com o banco. O que a gente queria \u00e9 que esses banc\u00e1rios dessem um relato daquilo que vivenciam. Por isso, fizemos essa reuni\u00e3o convidando os gerentes. Ali\u00e1s, foram os gerentes que se organizaram, por Brasil todo, e convidaram a Contraf-CUT para entrar no grupo deles e discutir junto os encaminhamentos\u201d, explicou o coordenador da Comiss\u00e3o de Empresa dos Funcion\u00e1rios do Banco do Brasil (CEBB), Jo\u00e3o Fukunaga.<\/p>\n<p>A situa\u00e7\u00e3o de sobrecarga, que vem se agravando desde 2017, ocorre, mais especificamente, nas ag\u00eancias do interior e nas chamadas ag\u00eancias mistas, que n\u00e3o est\u00e3o nos grandes centros. De l\u00e1 para c\u00e1, o banco foi paulatinamente eliminando cargos de gerente de atendimento, passando as fun\u00e7\u00f5es para os gerentes de servi\u00e7o.<\/p>\n<p>Um funcion\u00e1rio contou que, h\u00e1 cerca de dez anos quando, pela primeira vez, foi nomeado para o cargo de gerente, as fun\u00e7\u00f5es eram bem definidas. Ele era respons\u00e1vel apenas pela tesouraria e outras fun\u00e7\u00f5es importantes eram realizadas por outros dois funcion\u00e1rios, nos cargos de supervisor de atendimento e gerente de atendimento. \u201cA\u00ed veio a reestrutura\u00e7\u00e3o, de 2017, quando o banco cortou o gerente de atendimento, mas deixou o supervisor. Mais tarde, o banco cortou o supervisor e eu tive que acumular todas as fun\u00e7\u00f5es desses dois cargos\u201d, afirmou.<\/p>\n<p>\u201cMe sinto desmotivado. Porque nos responsabilizam por uma coisa, mas somos cobrados por outra. Somos respons\u00e1veis pela seguran\u00e7a, pela parte predial e de numer\u00e1rio, mas cobrados, \u00fanica e exclusivamente, pela parte negocial. Acaba que a gente n\u00e3o consegue desenvolver nem uma e nem outra parte de forma adequada. Me sinto frustrado, at\u00e9 certo ponto, porque acabo me cobrando por n\u00e3o ter um desempenho que eu gostaria\u201d, desabafou outro colega.<\/p>\n<p>Segundo representantes dos funcion\u00e1rios que estiveram no encontro, o banco n\u00e3o apresentou nenhuma proposta para alterar o cen\u00e1rio de sobrecarga dos gerentes de servi\u00e7os: \u201cA resposta que o banco nos deu, ontem, foi que, no entendimento deles, n\u00e3o h\u00e1 acumulo de fun\u00e7\u00f5es, porque o n\u00edvel gerencial, para os gerentes de servi\u00e7o, continua o mesmo, que \u00e9 o terceiro n\u00edvel\u201d, contou um trabalhador que esteve no encontro. \u201cEssa foi a primeira resposta do banco. Mas eles disseram que v\u00e3o avaliar nossas reclama\u00e7\u00f5es e responder mais adiante\u201d, completou.<\/p>\n<p>\u201cAs diversas reestrutura\u00e7\u00f5es que vem ocorrendo no banco, desde 2017, est\u00e3o resultando na sobrecarga e adoecimento dos funcion\u00e1rios que ficam. Essa quest\u00e3o atinge mais as ag\u00eancias que n\u00e3o est\u00e3o nos grandes centros, nas capitais, que ainda t\u00eam gerentes para cada \u00e1rea. J\u00e1 no interior, ocorreu uma redu\u00e7\u00e3o da folha, consequentemente, sobrecarga dos gerentes que restaram e acabaram acumulando fun\u00e7\u00f5es\u201d, avaliou Jo\u00e3o Fukunaga.<\/p>\n<p>\u201cA nossa motiva\u00e7\u00e3o principal para que essa reuni\u00e3o acontecesse \u00e9 o adoecimento dos funcion\u00e1rios. Tanto eu quanto outros colegas, pelo Brasil inteiro, estamos chegando num ponto onde n\u00e3o \u00e9 mais saud\u00e1vel\u201d, exp\u00f4s outro funcion\u00e1rio. \u201cA gente tem que gerir desde o mais simples, que \u00e9, por exemplo, qual o material pra limpeza e higiene utilizado nas ag\u00eancias, at\u00e9 todo o controle numer\u00e1rio que transita dentro da ag\u00eancia. E, por outro lado, somos cobrados e responsabilizados pelas metas vinculadas ao grupo negocial do banco\u201d, explicou o gerente.<\/p>\n<p>\u201cA preocupa\u00e7\u00e3o, ent\u00e3o, \u00e9: voc\u00ea tem que fazer um servi\u00e7o que ningu\u00e9m reconhece, mas que tem que ser feito de forma correta, porque sen\u00e3o voc\u00ea pode ser responsabilizado, inclusive, pecuniariamente, ou com demiss\u00e3o \u2013 porque, na quest\u00e3o da tesouraria, se voc\u00ea errar \u00e9 voc\u00ea que vai pagar essa diferen\u00e7a, \u00e9 voc\u00ea que vai responder por isso \u2013 , e voc\u00ea tem que fazer outro servi\u00e7o que nunca foi seu e que passou a ser seu para o banco economizar na quest\u00e3o salarial\u201d, completou.<\/p>\n<p>\u201c\u00c0s vezes me pergunto por que o banco n\u00e3o eliminou a fun\u00e7\u00e3o de gerente de servi\u00e7os e deixou a de gerente de atendimento, j\u00e1 que a fun\u00e7\u00e3o do gerente de atendimento \u00e9 t\u00e3o importante que empurrou para o gerente de servi\u00e7os. Mas por que o trabalho de gerente de servi\u00e7os, que ningu\u00e9m reconhece, tem que ser feito? Porque sen\u00e3o a ag\u00eancia n\u00e3o abre. Simples assim. Hoje essa fun\u00e7\u00e3o ainda \u00e9 importante\u201d, concluiu.<\/p>\n<p><strong>Fonte: Contraf-CUT<\/strong><\/p>\n","protected":false},"excerpt":{"rendered":"<p>Gerentes de servi\u00e7o conseguiram realizar uma reuni\u00e3o com a administra\u00e7\u00e3o do Banco do Brasil, na quinta-feira (14), a respeito do ac\u00famulo de fun\u00e7\u00f5es que vem causando o adoecimento entre os funcion\u00e1rios. O encontrou ocorreu em resposta a um of\u00edcio enviado pela Confedera\u00e7\u00e3o Nacional dos Trabalhadores do Ramo Financeiro (Contraf-CUT), com o pedido para uma reuni\u00e3o [&hellip;]<\/p>\n","protected":false},"author":2,"featured_media":11612,"comment_status":"","ping_status":"","sticky":false,"template":"","format":"standard","meta":{"footnotes":""},"categories":[3],"tags":[],"class_list":["post-11613","post","type-post","status-publish","format-standard","has-post-thumbnail","hentry","category-noticias"],"_links":{"self":[{"href":"https:\/\/hostnetart.com.br\/baixada\/wp-json\/wp\/v2\/posts\/11613","targetHints":{"allow":["GET"]}}],"collection":[{"href":"https:\/\/hostnetart.com.br\/baixada\/wp-json\/wp\/v2\/posts"}],"about":[{"href":"https:\/\/hostnetart.com.br\/baixada\/wp-json\/wp\/v2\/types\/post"}],"author":[{"embeddable":true,"href":"https:\/\/hostnetart.com.br\/baixada\/wp-json\/wp\/v2\/users\/2"}],"replies":[{"embeddable":true,"href":"https:\/\/hostnetart.com.br\/baixada\/wp-json\/wp\/v2\/comments?post=11613"}],"version-history":[{"count":0,"href":"https:\/\/hostnetart.com.br\/baixada\/wp-json\/wp\/v2\/posts\/11613\/revisions"}],"wp:featuredmedia":[{"embeddable":true,"href":"https:\/\/hostnetart.com.br\/baixada\/wp-json\/wp\/v2\/media\/11612"}],"wp:attachment":[{"href":"https:\/\/hostnetart.com.br\/baixada\/wp-json\/wp\/v2\/media?parent=11613"}],"wp:term":[{"taxonomy":"category","embeddable":true,"href":"https:\/\/hostnetart.com.br\/baixada\/wp-json\/wp\/v2\/categories?post=11613"},{"taxonomy":"post_tag","embeddable":true,"href":"https:\/\/hostnetart.com.br\/baixada\/wp-json\/wp\/v2\/tags?post=11613"}],"curies":[{"name":"wp","href":"https:\/\/api.w.org\/{rel}","templated":true}]}}