{"id":11601,"date":"2021-10-13T18:49:36","date_gmt":"2021-10-13T21:49:36","guid":{"rendered":"https:\/\/hostnetart.com.br\/baixada\/negociacoes-sobre-saude-caixa-serao-retomadas-nesta-quarta-feira-13\/"},"modified":"2021-10-13T18:49:36","modified_gmt":"2021-10-13T21:49:36","slug":"negociacoes-sobre-saude-caixa-serao-retomadas-nesta-quarta-feira-13","status":"publish","type":"post","link":"https:\/\/hostnetart.com.br\/baixada\/negociacoes-sobre-saude-caixa-serao-retomadas-nesta-quarta-feira-13\/","title":{"rendered":"Negocia\u00e7\u00f5es sobre Sa\u00fade Caixa ser\u00e3o retomadas nesta quarta-feira (13)"},"content":{"rendered":"<p>A Comiss\u00e3o Executiva dos Empregados (CEE) da Caixa retoma, nesta quarta-feira (13), a partir das 16h, as negocia\u00e7\u00f5es sobre o modelo de gest\u00e3o e custeio do plano de assist\u00eancia \u00e0 sa\u00fade dos empregados, o Sa\u00fade Caixa.<\/p>\n<p>\u201cPrecisamos avan\u00e7ar nesta discuss\u00e3o junto a Caixa, inclusive para podermos fazer um debate mais aprofundado com nossos colegas sobre o nosso plano de assist\u00eancia \u00e0 sa\u00fade\u201d, afirmou a coordenadora da CEE, Fabiana Uehara Proscholdt, que tamb\u00e9m \u00e9 secret\u00e1ria de Cultura da Confedera\u00e7\u00e3o Nacional dos Trabalhadores do Ramo Financeiro (Contraf-CUT). \u201cO Sa\u00fade Caixa \u00e9 uma conquista dos empregados e estamos trabalhando para que o plano permane\u00e7a vi\u00e1vel a todos\u201d, completou a dirigente da Contraf-CUT ao explicar que, de uma forma ou de outra, as plen\u00e1rias ser\u00e3o realizadas para esclarecer aos empregados, principalmente aos participantes do Sa\u00fade Caixa, sobre a proposta, ou o andamento das negocia\u00e7\u00f5es.<\/p>\n<h3>Plen\u00e1rias<\/h3>\n<p>Sindicatos e federa\u00e7\u00f5es da categoria banc\u00e1ria realizam plen\u00e1rias nesta quarta e quinta-feira (13 e 14) para atualizarem os empregados sobre as negocia\u00e7\u00f5es com o banco em rela\u00e7\u00e3o ao Sa\u00fade Caixa. \u201cEstamos em um processo de negocia\u00e7\u00e3o e, neste momento, s\u00e3o apresentadas v\u00e1rias hip\u00f3teses de solu\u00e7\u00e3o e pode haver mal-entendidos e at\u00e9 informa\u00e7\u00f5es que desinformam e desunem os trabalhadores. Precisamos evitar estas informa\u00e7\u00f5es desencontradas e nos manter unidos. Somente assim conseguiremos que a solu\u00e7\u00e3o seja a melhor poss\u00edvel para os empregados\u201d, disse a coordenadora da CEE.<\/p>\n<p>\u201cAl\u00e9m de atualizarmos as negocia\u00e7\u00f5es e, se poss\u00edvel, apresentar a proposta, tamb\u00e9m temos outros pontos importantes a serem debatidos como as condi\u00e7\u00f5es de trabalho\u201d, concluiu.<\/p>\n<h3>Outras pautas pendentes<\/h3>\n<p>Fabiana lembrou que, al\u00e9m do Sa\u00fade Caixa, existem muitos outros assuntos pendentes de debates na mesa de negocia\u00e7\u00f5es. Entre os assuntos pendentes est\u00e3o o pagamento a menor da Participa\u00e7\u00e3o nos Lucros e\/ou Resultados (PLR), o programa de Gest\u00e3o de Desempenho de Pessoas (GDP), a Funcef, a promo\u00e7\u00e3o por m\u00e9rito, a forma de se estabelecer metas, a garantia da seguran\u00e7a para o retorno ao trabalho presencial e a contra\u00e7\u00e3o de mais empregados concursados.<\/p>\n<p><strong>Fonte: Contraf-CUT<\/strong><\/p>\n","protected":false},"excerpt":{"rendered":"<p>A Comiss\u00e3o Executiva dos Empregados (CEE) da Caixa retoma, nesta quarta-feira (13), a partir das 16h, as negocia\u00e7\u00f5es sobre o modelo de gest\u00e3o e custeio do plano de assist\u00eancia \u00e0 sa\u00fade dos empregados, o Sa\u00fade Caixa. \u201cPrecisamos avan\u00e7ar nesta discuss\u00e3o junto a Caixa, inclusive para podermos fazer um debate mais aprofundado com nossos colegas sobre [&hellip;]<\/p>\n","protected":false},"author":2,"featured_media":11600,"comment_status":"","ping_status":"","sticky":false,"template":"","format":"standard","meta":{"footnotes":""},"categories":[3],"tags":[],"class_list":["post-11601","post","type-post","status-publish","format-standard","has-post-thumbnail","hentry","category-noticias"],"_links":{"self":[{"href":"https:\/\/hostnetart.com.br\/baixada\/wp-json\/wp\/v2\/posts\/11601","targetHints":{"allow":["GET"]}}],"collection":[{"href":"https:\/\/hostnetart.com.br\/baixada\/wp-json\/wp\/v2\/posts"}],"about":[{"href":"https:\/\/hostnetart.com.br\/baixada\/wp-json\/wp\/v2\/types\/post"}],"author":[{"embeddable":true,"href":"https:\/\/hostnetart.com.br\/baixada\/wp-json\/wp\/v2\/users\/2"}],"replies":[{"embeddable":true,"href":"https:\/\/hostnetart.com.br\/baixada\/wp-json\/wp\/v2\/comments?post=11601"}],"version-history":[{"count":0,"href":"https:\/\/hostnetart.com.br\/baixada\/wp-json\/wp\/v2\/posts\/11601\/revisions"}],"wp:featuredmedia":[{"embeddable":true,"href":"https:\/\/hostnetart.com.br\/baixada\/wp-json\/wp\/v2\/media\/11600"}],"wp:attachment":[{"href":"https:\/\/hostnetart.com.br\/baixada\/wp-json\/wp\/v2\/media?parent=11601"}],"wp:term":[{"taxonomy":"category","embeddable":true,"href":"https:\/\/hostnetart.com.br\/baixada\/wp-json\/wp\/v2\/categories?post=11601"},{"taxonomy":"post_tag","embeddable":true,"href":"https:\/\/hostnetart.com.br\/baixada\/wp-json\/wp\/v2\/tags?post=11601"}],"curies":[{"name":"wp","href":"https:\/\/api.w.org\/{rel}","templated":true}]}}