{"id":11595,"date":"2021-10-13T13:57:24","date_gmt":"2021-10-13T16:57:24","guid":{"rendered":"https:\/\/hostnetart.com.br\/baixada\/vencedor-do-premio-nobel-demonstrou-que-elevar-salario-minimo-nao-significa-menos-emprego\/"},"modified":"2021-10-13T13:57:24","modified_gmt":"2021-10-13T16:57:24","slug":"vencedor-do-premio-nobel-demonstrou-que-elevar-salario-minimo-nao-significa-menos-emprego","status":"publish","type":"post","link":"https:\/\/hostnetart.com.br\/baixada\/vencedor-do-premio-nobel-demonstrou-que-elevar-salario-minimo-nao-significa-menos-emprego\/","title":{"rendered":"Vencedor do Pr\u00eamio Nobel demonstrou que elevar sal\u00e1rio m\u00ednimo n\u00e3o significa menos emprego"},"content":{"rendered":"<p>Um dos vencedores do pr\u00eamio Nobel da Economia, cujos nomes foram anunciados nesta segunda-feira (11), j\u00e1 demonstrou que a eleva\u00e7\u00e3o do sal\u00e1rio m\u00ednimo n\u00e3o est\u00e1 necessariamente vinculada a um crescimento do desemprego. No Brasil, esta \u00e9, por exemplo, uma argumenta\u00e7\u00e3o frequentemente repetida pelos contr\u00e1rios \u00e0 pol\u00edtica de valoriza\u00e7\u00e3o do piso nacional.\u00a0<a href=\"https:\/\/www.redebrasilatual.com.br\/economia\/2021\/07\/ldo-governo-enterra-politica-salario-minimo\/\">O atual governo, por sinal, interrompeu essa pol\u00edtica<\/a>.<\/p>\n<p>Al\u00e9m de perder uma regra sistem\u00e1tica de aumentos, o sal\u00e1rio m\u00ednimo tem tido seu poder de compra reduzido com o avan\u00e7o da infla\u00e7\u00e3o. Na semana passada, o Dieese demonstrou que\u00a0<a href=\"https:\/\/www.redebrasilatual.com.br\/economia\/2021\/10\/salario-minimo-compra-menos-de-meia-cesta-basica-sobe-38-num-ano\/\">o piso nacional, hoje, n\u00e3o consegue comprar meia cesta b\u00e1sica<\/a>.<\/p>\n<h3>Pesquisa comparativa<\/h3>\n<p>O canadense David Card, 65 anos, \u00e9 professor de Economia na Universidade da Calif\u00f3rnia, nos Estados Unidos. Ao lado do americano Alan Krueger (que morreu em 2019), ele desenvolveu pesquisas comparativas sobre o tema. E ajudou a mostrar, como assinala a Academia, \u201cque aumentar o sal\u00e1rio m\u00ednimo n\u00e3o necessariamente leva a menos postos de trabalho\u201d.<\/p>\n<p>A pr\u00f3pria universidade,\u00a0<a href=\"https:\/\/www.universityofcalifornia.edu\/news\/uc-berkeley-s-david-card-wins-2021-nobel-prize-economics\">em nota divulgada hoje,<\/a>\u00a0lembra que os estudos desenvolvidos nos anos 1990 seguem relevantes, \u201cpois questionaram suposi\u00e7\u00f5es sobre o impacto da imigra\u00e7\u00e3o sobre os trabalhadores nativos dos EUA e o efeito dos aumentos do sal\u00e1rio m\u00ednimo no crescimento do emprego dom\u00e9stico\u201d. Card divide o pr\u00eamio com os tamb\u00e9m professores Joshua D. Angrist (do Instituto de Tecnologia de Massachusetts, o MIT) e Guido W. Imbens (da Universidade de Stanford).<\/p>\n<h3>\u201cCoisa horr\u00edvel\u201d<\/h3>\n<p>`Pesquisando duas regi\u00f5es americanas, Card e Krueger conclu\u00edram que, na pr\u00e1tica, a teoria de que o aumento do sal\u00e1rio m\u00ednimo seria nocivo \u00e0 economia e ao mercado de trabalho n\u00e3o se sustentava. Onde o piso aumentou, o emprego tamb\u00e9m cresceu. Em entrevista \u00e0 revista\u00a0<em>Piau\u00ed<\/em>, publicada em dezembro do ano passado, Card disse que os estudiosos sobre sal\u00e1rio m\u00ednimo nos anos 1960 e 1970 eram muito conservadores. \u201cBasicamente, eles queriam mostrar que fixar um sal\u00e1rio m\u00ednimo era uma coisa horr\u00edvel\u201d, comentou.<\/p>\n<p>As pesquisas de Card e outros contribu\u00edram para abalar a ideia predominante da chamada escola de Chicago, de pensamento liberal, ou neoliberal, que desembocou na Consenso de Washington, na virada dos anos 1980 para os 1990. \u201cMas n\u00f3s \u00e9ramos vistos como gente que estava atrapalhando, dificultando as coisas\u201d, disse ainda o professor, um dos autores do livro\u00a0<em>Myth and Measurement: The New Economics of the Minimun Wage<\/em>\u00a0(<em>Mito e medi\u00e7\u00e3o: a nova economia do sal\u00e1rio m\u00ednimo<\/em>), de 1995, que ganhou edi\u00e7\u00e3o \u201cde anivers\u00e1rio\u201d em 2016.<\/p>\n<h3>Perdendo amigos<\/h3>\n<p>Essa pesquisa foi destacada pelo economista Marcelo Neri, estudioso da desigualdade no Brasil.\u00a0<a href=\"https:\/\/www1.folha.uol.com.br\/fsp\/1997\/8\/06\/dinheiro\/4.html\">Em artigo publicado em 1997<\/a>, ele comentou que o sal\u00e1rio m\u00ednimo tinha impacto no rendimento do trabalho, mas n\u00e3o no n\u00edvel de emprego. No Brasil, assinalou, poderia haver certo impacto n\u00e3o na quantidade, mas na qualidade do emprego. Ainda assim, o sal\u00e1rio m\u00ednimo, \u201cparece exercer um papel relevante no combate \u00e0 pobreza\u201d.<\/p>\n<p>Card chegou a declarar que \u201cperdeu um monte de amigos\u201d devido a essa publica\u00e7\u00e3o. Chegaram, ele e Krueger, a ser vistos como \u201ctraidores\u201d da quest\u00e3o econ\u00f4mica. Se fosse amigo dos dois, Paulo Guedes tamb\u00e9m romperia. No ano passado, o ministro da Economia disse que aumentar o sal\u00e1rio m\u00ednimo elevaria o desemprego. N\u00e3o foi o que aconteceu em anos anteriores.<\/p>\n<p><strong>Fonte: Rede Brasil Atual<\/strong><\/p>\n","protected":false},"excerpt":{"rendered":"<p>Um dos vencedores do pr\u00eamio Nobel da Economia, cujos nomes foram anunciados nesta segunda-feira (11), j\u00e1 demonstrou que a eleva\u00e7\u00e3o do sal\u00e1rio m\u00ednimo n\u00e3o est\u00e1 necessariamente vinculada a um crescimento do desemprego. No Brasil, esta \u00e9, por exemplo, uma argumenta\u00e7\u00e3o frequentemente repetida pelos contr\u00e1rios \u00e0 pol\u00edtica de valoriza\u00e7\u00e3o do piso nacional.\u00a0O atual governo, por sinal, [&hellip;]<\/p>\n","protected":false},"author":2,"featured_media":11594,"comment_status":"","ping_status":"","sticky":false,"template":"","format":"standard","meta":{"footnotes":""},"categories":[3],"tags":[],"class_list":["post-11595","post","type-post","status-publish","format-standard","has-post-thumbnail","hentry","category-noticias"],"_links":{"self":[{"href":"https:\/\/hostnetart.com.br\/baixada\/wp-json\/wp\/v2\/posts\/11595","targetHints":{"allow":["GET"]}}],"collection":[{"href":"https:\/\/hostnetart.com.br\/baixada\/wp-json\/wp\/v2\/posts"}],"about":[{"href":"https:\/\/hostnetart.com.br\/baixada\/wp-json\/wp\/v2\/types\/post"}],"author":[{"embeddable":true,"href":"https:\/\/hostnetart.com.br\/baixada\/wp-json\/wp\/v2\/users\/2"}],"replies":[{"embeddable":true,"href":"https:\/\/hostnetart.com.br\/baixada\/wp-json\/wp\/v2\/comments?post=11595"}],"version-history":[{"count":0,"href":"https:\/\/hostnetart.com.br\/baixada\/wp-json\/wp\/v2\/posts\/11595\/revisions"}],"wp:featuredmedia":[{"embeddable":true,"href":"https:\/\/hostnetart.com.br\/baixada\/wp-json\/wp\/v2\/media\/11594"}],"wp:attachment":[{"href":"https:\/\/hostnetart.com.br\/baixada\/wp-json\/wp\/v2\/media?parent=11595"}],"wp:term":[{"taxonomy":"category","embeddable":true,"href":"https:\/\/hostnetart.com.br\/baixada\/wp-json\/wp\/v2\/categories?post=11595"},{"taxonomy":"post_tag","embeddable":true,"href":"https:\/\/hostnetart.com.br\/baixada\/wp-json\/wp\/v2\/tags?post=11595"}],"curies":[{"name":"wp","href":"https:\/\/api.w.org\/{rel}","templated":true}]}}