{"id":11593,"date":"2021-10-13T13:37:51","date_gmt":"2021-10-13T16:37:51","guid":{"rendered":"https:\/\/hostnetart.com.br\/baixada\/sindicato-dos-bancarios-da-baixada-fluminense-reintegra-bancario-do-bradesco-2\/"},"modified":"2021-10-13T13:37:51","modified_gmt":"2021-10-13T16:37:51","slug":"sindicato-dos-bancarios-da-baixada-fluminense-reintegra-bancario-do-bradesco-2","status":"publish","type":"post","link":"https:\/\/hostnetart.com.br\/baixada\/sindicato-dos-bancarios-da-baixada-fluminense-reintegra-bancario-do-bradesco-2\/","title":{"rendered":"Sindicato dos Banc\u00e1rios da Baixada Fluminense reintegra banc\u00e1rio do Bradesco"},"content":{"rendered":"<p>O Sindicato dos Banc\u00e1rios da Baixada Fluminense reintegrou, na \u00faltima segunda-feira, 11 de outubro, mais um trabalhador do Banco Bradesco.<\/p>\n<p>A reintegra\u00e7\u00e3o ocorreu na ag\u00eancia 544, em S\u00e3o Jo\u00e3o de Meriti.<\/p>\n<p>Sydney Andr\u00e9 Esteves de Azevedo Junior foi demitido em plena pandemia do novo coronav\u00edrus, contrariando o compromisso de n\u00e3o demiss\u00e3o que os grandes bancos assumiram.<\/p>\n<p>A reintegra\u00e7\u00e3o foi acompanhada pelos diretores Martins, Solange Ribeiro, Rosangela Gon\u00e7alves, Ricardo S\u00e1 e M\u00e1rcio Wanderley.<\/p>\n<p><span style=\"text-decoration: underline;\">IMPORTANTE<\/span><\/p>\n<p>Sidney \u00e9 sindicalizado e, logo ap\u00f3s seu desligamento, procurou atendimento no Sindicato dos Banc\u00e1rios da Baixada Fluminense, onde foi atendido pelos Departamentos Jur\u00eddico e de Sa\u00fade.<\/p>\n<p>\u00c9 de fundamental import\u00e2ncia que banc\u00e1rias e banc\u00e1rios, logo que sejam informados de suas demiss\u00f5es, procurem imediatamente atendimento no Sindicato.<\/p>\n<p><span style=\"text-decoration: underline;\">SINDICALIZE-SE<\/span><\/p>\n","protected":false},"excerpt":{"rendered":"<p>O Sindicato dos Banc\u00e1rios da Baixada Fluminense reintegrou, na \u00faltima segunda-feira, 11 de outubro, mais um trabalhador do Banco Bradesco. A reintegra\u00e7\u00e3o ocorreu na ag\u00eancia 544, em S\u00e3o Jo\u00e3o de Meriti. Sydney Andr\u00e9 Esteves de Azevedo Junior foi demitido em plena pandemia do novo coronav\u00edrus, contrariando o compromisso de n\u00e3o demiss\u00e3o que os grandes bancos [&hellip;]<\/p>\n","protected":false},"author":2,"featured_media":11592,"comment_status":"","ping_status":"","sticky":false,"template":"","format":"standard","meta":{"footnotes":""},"categories":[3],"tags":[],"class_list":["post-11593","post","type-post","status-publish","format-standard","has-post-thumbnail","hentry","category-noticias"],"_links":{"self":[{"href":"https:\/\/hostnetart.com.br\/baixada\/wp-json\/wp\/v2\/posts\/11593","targetHints":{"allow":["GET"]}}],"collection":[{"href":"https:\/\/hostnetart.com.br\/baixada\/wp-json\/wp\/v2\/posts"}],"about":[{"href":"https:\/\/hostnetart.com.br\/baixada\/wp-json\/wp\/v2\/types\/post"}],"author":[{"embeddable":true,"href":"https:\/\/hostnetart.com.br\/baixada\/wp-json\/wp\/v2\/users\/2"}],"replies":[{"embeddable":true,"href":"https:\/\/hostnetart.com.br\/baixada\/wp-json\/wp\/v2\/comments?post=11593"}],"version-history":[{"count":0,"href":"https:\/\/hostnetart.com.br\/baixada\/wp-json\/wp\/v2\/posts\/11593\/revisions"}],"wp:featuredmedia":[{"embeddable":true,"href":"https:\/\/hostnetart.com.br\/baixada\/wp-json\/wp\/v2\/media\/11592"}],"wp:attachment":[{"href":"https:\/\/hostnetart.com.br\/baixada\/wp-json\/wp\/v2\/media?parent=11593"}],"wp:term":[{"taxonomy":"category","embeddable":true,"href":"https:\/\/hostnetart.com.br\/baixada\/wp-json\/wp\/v2\/categories?post=11593"},{"taxonomy":"post_tag","embeddable":true,"href":"https:\/\/hostnetart.com.br\/baixada\/wp-json\/wp\/v2\/tags?post=11593"}],"curies":[{"name":"wp","href":"https:\/\/api.w.org\/{rel}","templated":true}]}}