{"id":11585,"date":"2021-10-08T12:49:13","date_gmt":"2021-10-08T15:49:13","guid":{"rendered":"https:\/\/hostnetart.com.br\/baixada\/rompendo-barreiras-para-representar-empregados-da-caixa\/"},"modified":"2021-10-08T12:49:13","modified_gmt":"2021-10-08T15:49:13","slug":"rompendo-barreiras-para-representar-empregados-da-caixa","status":"publish","type":"post","link":"https:\/\/hostnetart.com.br\/baixada\/rompendo-barreiras-para-representar-empregados-da-caixa\/","title":{"rendered":"Rompendo barreiras para representar empregados da Caixa"},"content":{"rendered":"<p>Em novembro de 2019 fui reeleita, em primeiro turno, como representante dos empregados para o Conselho de Administra\u00e7\u00e3o. Recebi 82% dos votos v\u00e1lidos, numa disputa com 203 candidatos. O resultado me emocionou e garantiu a coragem necess\u00e1ria para seguir em frente, defendendo de forma intransigente a Caixa P\u00fablica e os direitos dos empregados. A participa\u00e7\u00e3o recorde dos colegas na vota\u00e7\u00e3o e o apoio das entidades mostraram a for\u00e7a do coletivo, da uni\u00e3o.<\/p>\n<p>Eu vinha de uma gest\u00e3o marcada por constantes reuni\u00f5es em locais de trabalho, cheguei a visitar 22 estados brasileiros, mas poucos meses depois, com a chegada da pandemia de covid-19, esses encontros passaram a ser remotos, resultando em r\u00e1pida expans\u00e3o da nossa comunica\u00e7\u00e3o virtual, com lives, publica\u00e7\u00f5es, podcasts.<\/p>\n<p>A crise sanit\u00e1ria trouxe para os banc\u00e1rios e prestadores de servi\u00e7o da Caixa um sentido maior da palavra supera\u00e7\u00e3o, j\u00e1 que a covid-19 acarretou mortes, tristeza e a necessidade de cumprimento do papel social da empresa, exigindo de seus trabalhadores rotinas extensas (e com grande risco de contamina\u00e7\u00e3o) para atender dignamente a milh\u00f5es de brasileiros desamparados pela crise econ\u00f4mica e social.<\/p>\n<p>Junto com as entidades, defendi a necessidade do home office, protocolos de seguran\u00e7a nas ag\u00eancias, vacina para todos, contrata\u00e7\u00f5es, investimentos em tecnologia e humaniza\u00e7\u00e3o das rela\u00e7\u00f5es de trabalho, sem a cobran\u00e7a exacerbada por metas.<\/p>\n<p>No debate interno do Conselho me posicionei contra a coloca\u00e7\u00e3o de teto no Sa\u00fade Caixa no estatuto, a privatiza\u00e7\u00e3o das opera\u00e7\u00f5es (Cart\u00f5es, Loterias, DTVM, Seguros) e todo tipo de fatiamento do banco, como os IPOs; votei contra a devolu\u00e7\u00e3o dos IHCDs \u2013 instrumentos foram usados para que o banco ampliasse sua atua\u00e7\u00e3o nas pol\u00edticas p\u00fablicas; e a cria\u00e7\u00e3o do banco digital (outra institui\u00e7\u00e3o financeira).<\/p>\n<p>Fui a favor de todas as pautas que envolvem a expans\u00e3o do papel da Caixa, amplia\u00e7\u00e3o das opera\u00e7\u00f5es, abertura de ag\u00eancias, ocupa\u00e7\u00e3o de cargos de dirigentes por empregados de carreira, respeito a diversidade, aprimoramento das medidas de sustentabilidade, integridade e maior transpar\u00eancia.<\/p>\n<p>Obviamente, ser minoria n\u00e3o \u00e9 f\u00e1cil: o CA \u00e9 composto por 8 membros e, destes, 7, incluindo o presidente do banco, s\u00e3o indicados pelo governo. Sou a \u00fanica empregada \u2013 at\u00e9 setembro era a \u00fanica mulher \u2013 e voz destoante da maioria dos conselheiros em assuntos que envolvam a privatiza\u00e7\u00e3o das opera\u00e7\u00f5es, a retirada de direitos dos empregados e amea\u00e7as \u00e0 sustentabilidade, perenidade, uso da imagem da institui\u00e7\u00e3o.<\/p>\n<p>Com isso, a press\u00e3o \u00e9 grande e se d\u00e1 de v\u00e1rias formas. No \u00faltimo per\u00edodo foi aberto procedimento interno no colegiado contra mim, sobre supostos conflitos de interesses. Em um deles questionam meu posicionamento a favor de greve dos empregados ocorrida em abril. Situa\u00e7\u00e3o parecida acontece tamb\u00e9m com conselheiros eleitos de outras estatais. Exemplo dos ataques que vivemos no pa\u00eds hoje contra as representa\u00e7\u00f5es dos trabalhadores e a democracia.<\/p>\n<p>Em resposta surgiu uma forte onda de solidariedade e apoio vindo dos empregados e entidades, referendando minha atua\u00e7\u00e3o. Primeiro veio dos colegas, com a pesquisa virtual realizada em mar\u00e7o passado que apontou que minha atua\u00e7\u00e3o como representante dos empregados no Conselho de Administra\u00e7\u00e3o tem a aprova\u00e7\u00e3o de 94% dos trabalhadores da ativa: 79% a consideraram \u00f3tima e 15% boa. A pesquisa foi respondida por 1.754 banc\u00e1rios, sendo 1.201 da ativa e 553 aposentados. Mais recentemente, as entidades sindicais e associativas que representam os empregados da Caixa divulgaram documento em que ratificam o apoio ao mandato.<\/p>\n<p>Os desafios continuam grandes, mas acredito que nosso futuro \u00e9 muito maior que nosso presente, e por essa raz\u00e3o sigo nessa jornada de lutas com voc\u00eas. Sou uma \u00fanica voz, mas sei que n\u00e3o estou sozinha.<\/p>\n<p>Mais uma vez, convido cada um a participar da gest\u00e3o, mandando sugest\u00f5es, cr\u00edticas, opini\u00f5es e fortalecendo, assim, a t\u00e3o expressiva e bela palavra que nos une desde a origem: Juntos, para o que der e vier.<\/p>\n<p><em>Maria Rita Serrano \u00e9 conselheira de administra\u00e7\u00e3o da Caixa eleita pelos empregados. Mestre em Administra\u00e7\u00e3o, \u00e9 autora do livro \u00b4Caixa, banco dos brasileiros\u00b4 (2018) e coautora de \u00b4Se \u00e9 P\u00fablico \u00e9 para todos\u00b4 (2018). Tamb\u00e9m \u00e9 coordenadora do Comit\u00ea Nacional em Defesa das Empresas P\u00fablicas e conselheira fiscal na Fenae<\/em><\/p>\n","protected":false},"excerpt":{"rendered":"<p>Em novembro de 2019 fui reeleita, em primeiro turno, como representante dos empregados para o Conselho de Administra\u00e7\u00e3o. Recebi 82% dos votos v\u00e1lidos, numa disputa com 203 candidatos. O resultado me emocionou e garantiu a coragem necess\u00e1ria para seguir em frente, defendendo de forma intransigente a Caixa P\u00fablica e os direitos dos empregados. A participa\u00e7\u00e3o [&hellip;]<\/p>\n","protected":false},"author":2,"featured_media":11584,"comment_status":"","ping_status":"","sticky":false,"template":"","format":"standard","meta":{"footnotes":""},"categories":[3],"tags":[],"class_list":["post-11585","post","type-post","status-publish","format-standard","has-post-thumbnail","hentry","category-noticias"],"_links":{"self":[{"href":"https:\/\/hostnetart.com.br\/baixada\/wp-json\/wp\/v2\/posts\/11585","targetHints":{"allow":["GET"]}}],"collection":[{"href":"https:\/\/hostnetart.com.br\/baixada\/wp-json\/wp\/v2\/posts"}],"about":[{"href":"https:\/\/hostnetart.com.br\/baixada\/wp-json\/wp\/v2\/types\/post"}],"author":[{"embeddable":true,"href":"https:\/\/hostnetart.com.br\/baixada\/wp-json\/wp\/v2\/users\/2"}],"replies":[{"embeddable":true,"href":"https:\/\/hostnetart.com.br\/baixada\/wp-json\/wp\/v2\/comments?post=11585"}],"version-history":[{"count":0,"href":"https:\/\/hostnetart.com.br\/baixada\/wp-json\/wp\/v2\/posts\/11585\/revisions"}],"wp:featuredmedia":[{"embeddable":true,"href":"https:\/\/hostnetart.com.br\/baixada\/wp-json\/wp\/v2\/media\/11584"}],"wp:attachment":[{"href":"https:\/\/hostnetart.com.br\/baixada\/wp-json\/wp\/v2\/media?parent=11585"}],"wp:term":[{"taxonomy":"category","embeddable":true,"href":"https:\/\/hostnetart.com.br\/baixada\/wp-json\/wp\/v2\/categories?post=11585"},{"taxonomy":"post_tag","embeddable":true,"href":"https:\/\/hostnetart.com.br\/baixada\/wp-json\/wp\/v2\/tags?post=11585"}],"curies":[{"name":"wp","href":"https:\/\/api.w.org\/{rel}","templated":true}]}}