{"id":11583,"date":"2021-10-07T18:27:32","date_gmt":"2021-10-07T21:27:32","guid":{"rendered":"https:\/\/hostnetart.com.br\/baixada\/prefeito-de-duque-de-caxias-suspende-a-obrigatoriedade-do-uso-de-mascara-e-expoe-bancarios\/"},"modified":"2021-10-07T18:27:32","modified_gmt":"2021-10-07T21:27:32","slug":"prefeito-de-duque-de-caxias-suspende-a-obrigatoriedade-do-uso-de-mascara-e-expoe-bancarios","status":"publish","type":"post","link":"https:\/\/hostnetart.com.br\/baixada\/prefeito-de-duque-de-caxias-suspende-a-obrigatoriedade-do-uso-de-mascara-e-expoe-bancarios\/","title":{"rendered":"Prefeito de Duque de Caxias suspende a obrigatoriedade do uso de m\u00e1scara e exp\u00f5e banc\u00e1rios"},"content":{"rendered":"<p>Washington Reis, Prefeito de Duque de Caxias, publicou, na tarde da \u00faltima ter\u00e7a-feira (05), um decreto desobrigando o uso de m\u00e1scara facial no munic\u00edpio, mesmo sem apresentar nenhum parecer t\u00e9cnico da \u00e1rea de sa\u00fade para justificar a decis\u00e3o.<\/p>\n<p>Sua justificativa \u00e9 que \u201cbasta ser bom em matem\u00e1tica\u201d para entender.<\/p>\n<p>O decreto n\u00e3o leva em considera\u00e7\u00e3o os riscos que est\u00e3o expostos os profissionais da \u00e1rea de sa\u00fade, com\u00e9rcio, educa\u00e7\u00e3o, servi\u00e7os e outros setores como bancos, onde os trabalhadores est\u00e3o expostos o tempo todo ao v\u00edrus covid 19 e suas variantes.<\/p>\n<p>De acordo com dados do Painel da Secretaria Estadual de Sa\u00fade do Rio, a taxa de ocupa\u00e7\u00e3o de leitos de terapia intensiva em Caxias est\u00e1 em 37% e de enfermaria em 40%.<\/p>\n<p>E, apesar do n\u00famero baixo de interna\u00e7\u00f5es, a taxa de letalidade da doen\u00e7a no munic\u00edpio \u00e9 6,57%, muito maior do que a taxa de letalidade do Brasil, que \u00e9 de 2,8%.<\/p>\n<p>Alem disso, o Rio de Janeiro, junto com Santa Catarina, Esp\u00edrito Santo, Cear\u00e1, Distrito Federal, s\u00e3o as cinco unidades da federa\u00e7\u00e3o onde os casos de COVID-19 ainda est\u00e3o em crescimento.<\/p>\n<p><i>Esses dados s\u00e3o fornecidos pelo cons\u00f3rcio de ve\u00edculos de imprensa, junto \u00e0s secretarias de sa\u00fade dos Estados.<\/i><\/p>\n<p>A Coordena\u00e7\u00e3o Geral do Sindicato dos Banc\u00e1rios repudia este decreto, por entender que se coloca em risco a vida de profissionais essenciais que, desde o in\u00edcio da pandemia, n\u00e3o deixaram de atender a popula\u00e7\u00e3o e, em especial, os trabalhadores banc\u00e1rios.<\/p>\n<p>O Sindicato dos Banc\u00e1rios da Baixada Fluminense ir\u00e1 buscar os recursos necess\u00e1rios para proteger os trabalhadores e as trabalhadoras em Duque de Caxias.<\/p>\n","protected":false},"excerpt":{"rendered":"<p>Washington Reis, Prefeito de Duque de Caxias, publicou, na tarde da \u00faltima ter\u00e7a-feira (05), um decreto desobrigando o uso de m\u00e1scara facial no munic\u00edpio, mesmo sem apresentar nenhum parecer t\u00e9cnico da \u00e1rea de sa\u00fade para justificar a decis\u00e3o. Sua justificativa \u00e9 que \u201cbasta ser bom em matem\u00e1tica\u201d para entender. O decreto n\u00e3o leva em considera\u00e7\u00e3o [&hellip;]<\/p>\n","protected":false},"author":2,"featured_media":11582,"comment_status":"","ping_status":"","sticky":false,"template":"","format":"standard","meta":{"footnotes":""},"categories":[3],"tags":[],"class_list":["post-11583","post","type-post","status-publish","format-standard","has-post-thumbnail","hentry","category-noticias"],"_links":{"self":[{"href":"https:\/\/hostnetart.com.br\/baixada\/wp-json\/wp\/v2\/posts\/11583","targetHints":{"allow":["GET"]}}],"collection":[{"href":"https:\/\/hostnetart.com.br\/baixada\/wp-json\/wp\/v2\/posts"}],"about":[{"href":"https:\/\/hostnetart.com.br\/baixada\/wp-json\/wp\/v2\/types\/post"}],"author":[{"embeddable":true,"href":"https:\/\/hostnetart.com.br\/baixada\/wp-json\/wp\/v2\/users\/2"}],"replies":[{"embeddable":true,"href":"https:\/\/hostnetart.com.br\/baixada\/wp-json\/wp\/v2\/comments?post=11583"}],"version-history":[{"count":0,"href":"https:\/\/hostnetart.com.br\/baixada\/wp-json\/wp\/v2\/posts\/11583\/revisions"}],"wp:featuredmedia":[{"embeddable":true,"href":"https:\/\/hostnetart.com.br\/baixada\/wp-json\/wp\/v2\/media\/11582"}],"wp:attachment":[{"href":"https:\/\/hostnetart.com.br\/baixada\/wp-json\/wp\/v2\/media?parent=11583"}],"wp:term":[{"taxonomy":"category","embeddable":true,"href":"https:\/\/hostnetart.com.br\/baixada\/wp-json\/wp\/v2\/categories?post=11583"},{"taxonomy":"post_tag","embeddable":true,"href":"https:\/\/hostnetart.com.br\/baixada\/wp-json\/wp\/v2\/tags?post=11583"}],"curies":[{"name":"wp","href":"https:\/\/api.w.org\/{rel}","templated":true}]}}