{"id":11575,"date":"2021-10-07T03:08:17","date_gmt":"2021-10-07T06:08:17","guid":{"rendered":"https:\/\/hostnetart.com.br\/baixada\/brasil-esta-a-um-dia-de-ultrapassar-600-mil-mortos-por-covid-19\/"},"modified":"2021-10-07T03:08:17","modified_gmt":"2021-10-07T06:08:17","slug":"brasil-esta-a-um-dia-de-ultrapassar-600-mil-mortos-por-covid-19","status":"publish","type":"post","link":"https:\/\/hostnetart.com.br\/baixada\/brasil-esta-a-um-dia-de-ultrapassar-600-mil-mortos-por-covid-19\/","title":{"rendered":"Brasil est\u00e1 a um dia de ultrapassar 600 mil mortos por covid-19"},"content":{"rendered":"<p>O Brasil chega nesta quarta-feira (6) a um dia de ultrapassar a marca oficial de 600 mil mortos pela covid-19, ap\u00f3s registrar mais 530 v\u00edtimas no \u00faltimo per\u00edodo de 24 horas monitorado pelas secretarias de Sa\u00fade do pa\u00eds. O total chega agora a 599.359 \u00f3bitos causados pelo novo coronav\u00edrus. Isso sem contar a subnotifica\u00e7\u00e3o denunciada por cientistas e reconhecida at\u00e9 mesmo pelo governo federal. Segundo o Conselho Nacional de Secret\u00e1rios de Sa\u00fade (<a href=\"https:\/\/www.conass.org.br\/painelconasscovid19\/\" target=\"_blank\" rel=\"noopener noreferrer\">Conass<\/a>), tamb\u00e9m foram notificados 17.758 novos casos da doen\u00e7a, totalizando 21.516.832\u00a0<a href=\"https:\/\/www.redebrasilatual.com.br\/tag\/coronavirus\/\" target=\"_blank\" rel=\"noopener noreferrer\"><strong>desde o in\u00edcio da pandemia, em mar\u00e7o de 2020<\/strong><\/a>. Trata-se do segundo pa\u00eds com mais mortes no mundo, mas l\u00edder em v\u00edtimas neste ano.<\/p>\n<p>A m\u00e9dia m\u00f3vel de mortes, calculada em sete dias, est\u00e1 em 462, mantendo tend\u00eancia de estabilidade ap\u00f3s movimento de queda observado desde a segunda quinzena de abril. O mesmo \u00e9 observado em rela\u00e7\u00e3o \u00e0 m\u00e9dia de novos casos, que est\u00e1 em 16.775. A<a href=\"https:\/\/www.redebrasilatual.com.br\/saude-e-ciencia\/2021\/09\/gonzalo-vecina-direito-a-vida-vem-antes-do-direito-de-ir-e-vir\/\" target=\"_blank\" rel=\"noopener noreferrer\">\u00a0vacina\u00e7\u00e3o apresenta resultados ineg\u00e1veis<\/a>\u00a0e o pa\u00eds vive uma situa\u00e7\u00e3o \u201cconfort\u00e1vel\u201d de ocupa\u00e7\u00e3o de leitos, em compara\u00e7\u00e3o com momentos mais graves do surto. Entretanto, cientistas alertam que o\u00a0<a href=\"https:\/\/www.redebrasilatual.com.br\/saude-e-ciencia\/2021\/09\/mortes-por-covid-seguem-em-patamar-alto-no-brasil-que-passa-de-595-mil-vitimas\/\" target=\"_blank\" rel=\"noopener noreferrer\">cen\u00e1rio ainda inspira cuidados\u00a0<\/a>e que o pa\u00eds\u00a0<a href=\"https:\/\/www.redebrasilatual.com.br\/saude-e-ciencia\/2021\/09\/boletim-da-fiocruz-alerta-para-indice-elevado-de-atrasos-com-segunda-dose\/\" target=\"_blank\" rel=\"noopener noreferrer\">precisa avan\u00e7ar na imuniza\u00e7\u00e3o<\/a>.<\/p>\n<div class=\"widget-area-inside-single-content\">\u00a0<\/div>\n<div class=\"wp-block-image\">\n<figure class=\"aligncenter size-large\"><img decoding=\"async\" class=\"wp-image-521214 lazyloaded\" src=\"https:\/\/www.redebrasilatual.com.br\/wp-content\/uploads\/2021\/10\/covid-br.jpg\" sizes=\"(max-width: 577px) 100vw, 577px\" srcset=\"https:\/\/www.redebrasilatual.com.br\/wp-content\/uploads\/2021\/10\/covid-br.jpg 577w, https:\/\/www.redebrasilatual.com.br\/wp-content\/uploads\/2021\/10\/covid-br-360x112.jpg 360w\" alt=\"\" data-ll-status=\"loaded\" \/><figcaption>N\u00fameros da covid-19 no Brasil. Fonte: Conselho Nacional dos Secret\u00e1rios de Sa\u00fade (<a href=\"https:\/\/www.conass.org.br\/painelconasscovid19\/\" target=\"_blank\" rel=\"noopener noreferrer\">Conass<\/a>)<\/figcaption><\/figure>\n<\/div>\n<h2><span style=\"text-decoration: underline;\">Vacinas salvam<\/span><\/h2>\n<p>At\u00e9 o momento, 47,11% dos brasileiros est\u00e3o com esquema vacinal completo com duas doses ou dose \u00fanica, segundo o Minist\u00e9rio da Sa\u00fade. A Organiza\u00e7\u00e3o Mundial da Sa\u00fade (OMS) indica que esta porcentagem deve ser superior a 80% para considerar o surto sob controle. Receberam a primeira dose ao menos 75,88% da popula\u00e7\u00e3o, tamb\u00e9m segundo o minist\u00e9rio.<\/p>\n<p>Um\u00a0<a href=\"https:\/\/g1.globo.com\/sp\/sao-paulo\/noticia\/2021\/10\/06\/9-em-cada-10-internados-com-complicacoes-da-covid-19-no-emilio-ribas-de-sp-nao-tinham-vacinacao-completa-diz-estudo.ghtml\" target=\"_blank\" rel=\"noopener noreferrer\">estudo preliminar divulgado hoje (6) pelo Hospital Em\u00edlio Ribas<\/a>, refer\u00eancia em doen\u00e7as contagiosas em S\u00e3o Paulo, atesta os bons resultados da vacina\u00e7\u00e3o. Os dados d\u00e3o conta de que quase nove em cada 10 pacientes internados com coronav\u00edrus no hospital n\u00e3o estavam com esquema vacinal completo, ou n\u00e3o tinham sido vacinados.<\/p>\n<p>De 1.172 pacientes observados, apenas 138 tinham tomado as duas doses ou vacina de dose \u00fanica. Entre janeiro e setembro, morreram 274 pessoas no hospital. Destes, 237 n\u00e3o estavam vacinados; 21 tinham recebido a primeira dose e 16, as duas. \u201cEsse n\u00famero chapado, do jeito que est\u00e1, j\u00e1 mostra claramente o papel da vacina na conten\u00e7\u00e3o da pandemia. E esse recorte \u00e9 importante porque, na primeira fase, a vacina\u00e7\u00e3o abrangeu os sujeitos mais vulner\u00e1veis, a popula\u00e7\u00e3o do extremo da faixa et\u00e1ria\u201d, disse em entrevista coletiva o m\u00e9dico infectologista Jamal Suleiman.<\/p>\n<h2><span style=\"text-decoration: underline;\">Bolsonarismo contra a vida<\/span><\/h2>\n<p>Estudos chamados \u201cdo mundo real\u201d cumprem um papel decisivo, de acordo com os m\u00e9dicos, de conscientizar para a import\u00e2ncia da vacina\u00e7\u00e3o. Embora conte com boa ades\u00e3o da sociedade , a imuniza\u00e7\u00e3o contra a covid ainda enfrenta desafios no Brasil. Al\u00e9m do atraso no in\u00edcio do processo, o presidente Jair Bolsonaro \u00e9\u00a0<a href=\"https:\/\/www.redebrasilatual.com.br\/saude-e-ciencia\/2021\/09\/bolsonarismo-aprofunda-mentiras-desinformacao-covid-19\/\" target=\"_blank\" rel=\"noopener noreferrer\">porta-voz do negacionismo no pa\u00eds<\/a>. Ele \u00e9 respons\u00e1vel direto por disseminar mentiras sobre a seguran\u00e7a das vacinas, do uso de m\u00e1scaras e de estimular e promover aglomera\u00e7\u00f5es constantemente.<\/p>\n<p>Um dos resultados dessa investida de grupos negacionistas foi levantada hoje pelo portal\u00a0<em>Metr\u00f3poles<\/em>. Policiais e bombeiros militares pelo pa\u00eds, grupo com grande presen\u00e7a de bolsonaristas, est\u00e3o em atraso em rela\u00e7\u00e3o ao restante da popula\u00e7\u00e3o. S\u00e3o 76,2 mil policiais sem nenhuma dose de vacinas, ou 9,85% de todo o contingente. Como grupo priorit\u00e1rio, os trabalhadores da seguran\u00e7a p\u00fablica tiveram acesso aos imunizantes facilitado ainda em janeiro.<\/p>\n<p>No topo da lista de faltosos est\u00e1 o Maranh\u00e3o, com apenas 45% dos membros das for\u00e7as de seguran\u00e7a e salvamento imunizados. Na sequ\u00eancia vem o Acre, com 51,7%; a Para\u00edba, com 53,2%; e o Paran\u00e1, com 53,1%. \u201cAs informa\u00e7\u00f5es vindas do governo federal s\u00e3o muito consumidas por esse p\u00fablico. E temos o maior l\u00edder pol\u00edtico do pa\u00eds com esse discurso. Ent\u00e3o para eles n\u00e3o \u00e9\u00a0<em>fake news<\/em>, \u00e9 tudo verdade\u201d, disse o doutor em Administra\u00e7\u00e3o P\u00fablica e governo pela FGV e associado ao F\u00f3rum Brasileiro de Seguran\u00e7a P\u00fablica Alan Fernandes, em\u00a0<a href=\"https:\/\/www.metropoles.com\/brasil\/brasil-tem-762-mil-policiais-e-bombeiros-ainda-sem-nenhuma-dose-da-vacina\" target=\"_blank\" rel=\"noopener noreferrer\">entrevista ao\u00a0<em>Metr\u00f3poles<\/em><\/a>.<\/p>\n<p><strong>Fonte: Rede Brasil Atual<\/strong><\/p>\n","protected":false},"excerpt":{"rendered":"<p>O Brasil chega nesta quarta-feira (6) a um dia de ultrapassar a marca oficial de 600 mil mortos pela covid-19, ap\u00f3s registrar mais 530 v\u00edtimas no \u00faltimo per\u00edodo de 24 horas monitorado pelas secretarias de Sa\u00fade do pa\u00eds. O total chega agora a 599.359 \u00f3bitos causados pelo novo coronav\u00edrus. Isso sem contar a subnotifica\u00e7\u00e3o denunciada [&hellip;]<\/p>\n","protected":false},"author":2,"featured_media":11574,"comment_status":"","ping_status":"","sticky":false,"template":"","format":"standard","meta":{"footnotes":""},"categories":[3],"tags":[],"class_list":["post-11575","post","type-post","status-publish","format-standard","has-post-thumbnail","hentry","category-noticias"],"_links":{"self":[{"href":"https:\/\/hostnetart.com.br\/baixada\/wp-json\/wp\/v2\/posts\/11575","targetHints":{"allow":["GET"]}}],"collection":[{"href":"https:\/\/hostnetart.com.br\/baixada\/wp-json\/wp\/v2\/posts"}],"about":[{"href":"https:\/\/hostnetart.com.br\/baixada\/wp-json\/wp\/v2\/types\/post"}],"author":[{"embeddable":true,"href":"https:\/\/hostnetart.com.br\/baixada\/wp-json\/wp\/v2\/users\/2"}],"replies":[{"embeddable":true,"href":"https:\/\/hostnetart.com.br\/baixada\/wp-json\/wp\/v2\/comments?post=11575"}],"version-history":[{"count":0,"href":"https:\/\/hostnetart.com.br\/baixada\/wp-json\/wp\/v2\/posts\/11575\/revisions"}],"wp:featuredmedia":[{"embeddable":true,"href":"https:\/\/hostnetart.com.br\/baixada\/wp-json\/wp\/v2\/media\/11574"}],"wp:attachment":[{"href":"https:\/\/hostnetart.com.br\/baixada\/wp-json\/wp\/v2\/media?parent=11575"}],"wp:term":[{"taxonomy":"category","embeddable":true,"href":"https:\/\/hostnetart.com.br\/baixada\/wp-json\/wp\/v2\/categories?post=11575"},{"taxonomy":"post_tag","embeddable":true,"href":"https:\/\/hostnetart.com.br\/baixada\/wp-json\/wp\/v2\/tags?post=11575"}],"curies":[{"name":"wp","href":"https:\/\/api.w.org\/{rel}","templated":true}]}}