{"id":11571,"date":"2021-10-06T13:23:11","date_gmt":"2021-10-06T16:23:11","guid":{"rendered":"https:\/\/hostnetart.com.br\/baixada\/trabalhadores-brasileiros-participam-de-campanha-mundial-em-defesa-da-saude-e-seguranca-no-trabalho\/"},"modified":"2021-10-06T13:23:11","modified_gmt":"2021-10-06T16:23:11","slug":"trabalhadores-brasileiros-participam-de-campanha-mundial-em-defesa-da-saude-e-seguranca-no-trabalho","status":"publish","type":"post","link":"https:\/\/hostnetart.com.br\/baixada\/trabalhadores-brasileiros-participam-de-campanha-mundial-em-defesa-da-saude-e-seguranca-no-trabalho\/","title":{"rendered":"Trabalhadores brasileiros participam de campanha mundial em defesa da sa\u00fade e seguran\u00e7a no trabalho"},"content":{"rendered":"<p>No Dia Internacional do Trabalho Decente (7 de outubro), entidades sindicais de todo o mundo v\u00e3o fazer atividades para incluir a sa\u00fade e a seguran\u00e7a no trabalho como um direito fundamental na Organiza\u00e7\u00e3o Internacional do Trabalho (OIT). Entre entidades de todo o mundo, participam da campanha a UNI Global Union, federa\u00e7\u00e3o sindical global para setores e \u00e1reas de servi\u00e7os, e a brasileira Confedera\u00e7\u00e3o Nacional dos Trabalhadores do Ramo Financeiro (Contraf-CUT). As entidades organizam para esta quinta-feira, \u00e0s 11h, um tuita\u00e7o mundial para defender a inclus\u00e3o dessas quest\u00f5es nas conven\u00e7\u00f5es da OIT.<\/p>\n<p>Ap\u00f3s quase 18 meses de pandemia, sindicatos de todo o mundo deixaram claro o papel fundamental que desempenham na prote\u00e7\u00e3o da sa\u00fade da classe trabalhadora, seja por meio da negocia\u00e7\u00e3o de normas de seguran\u00e7a contra a Covid-19 por meio do desenvolvimento de uma s\u00e9rie de protocolos espec\u00edficos para o local de trabalho, incluindo a prote\u00e7\u00e3o contra a viol\u00eancia. A Contraf-CUT teve papel pioneiro no Brasil e desde o in\u00edcio da pandemia do pa\u00eds negociou com os bancos a prote\u00e7\u00e3o da categoria banc\u00e1ria, inclusive com a transfer\u00eancia de boa parte de banc\u00e1rias e banc\u00e1rios para o teletrabalho.<\/p>\n<p><strong>Direitos humanos e fundamentais<\/strong><\/p>\n<p>\u201cDepois da pandemia da Covid-19, que mostrou ser uma obriga\u00e7\u00e3o dos estados e empregadores zelar pela prote\u00e7\u00e3o da vida de empregados, ficou claro para todos que seguran\u00e7a e sa\u00fade no trabalho t\u00eam que ser direitos humanos e fundamentais\u201d, afirmou o secret\u00e1rio de Rela\u00e7\u00f5es Internacionais da Contraf-CUT, Roberto von der Osten.<\/p>\n<p>A OIT tem diversas conven\u00e7\u00f5es sobre o trabalho, mas oito delas s\u00e3o consideradas fundamentais: a Conven\u00e7\u00e3o 182, que trata das piores formas de trabalho infantil, a Conven\u00e7\u00e3o 138, que trata da idade m\u00ednima para trabalhar, a Concen\u00e7\u00e3o111, contra toda discrimina\u00e7\u00e3o, a Conven\u00e7\u00e3o 105 que defende abolir trabalho for\u00e7ado (escravid\u00e3o), a Conven\u00e7\u00e3o 100 que defende igualdade de remunera\u00e7\u00e3o, a Conven\u00e7\u00e3o 98 que defende o direito \u00e0 negocia\u00e7\u00e3o e organiza\u00e7\u00e3o dos trabalhadores, a Conven\u00e7\u00e3o 87 que defende a liberdade e autonomia dos sindicatos e a Conven\u00e7\u00e3o 29 que tamb\u00e9m trata de trabalho for\u00e7ado ou obrigat\u00f3rio.<\/p>\n<p><strong>Tuita\u00e7o global<\/strong><\/p>\n<p>A UNI Global Union e a Contraf-CUT querem que a Conven\u00e7\u00e3o 155 que trata de seguran\u00e7a e sa\u00fade dos trabalhadores seja a nona conven\u00e7\u00e3o fundamental. Para tanto, v\u00e3o organizar um tuita\u00e7o de escala global. \u00a0Nesta quinta-feira (7), \u00e0s 11h (hor\u00e1rio de Bras\u00edlia), no Dia Internacional do Trabalho Decente, as duas entidades e seus sindicatos filiados v\u00e3o estar impulsionando nas redes sociais as hashtags #HealthSafety4All e #WDDW2021.<\/p>\n<p><span style=\"text-decoration: underline;\"><strong>Fonte: Contraf-CUT<\/strong><\/span><\/p>\n","protected":false},"excerpt":{"rendered":"<p>No Dia Internacional do Trabalho Decente (7 de outubro), entidades sindicais de todo o mundo v\u00e3o fazer atividades para incluir a sa\u00fade e a seguran\u00e7a no trabalho como um direito fundamental na Organiza\u00e7\u00e3o Internacional do Trabalho (OIT). Entre entidades de todo o mundo, participam da campanha a UNI Global Union, federa\u00e7\u00e3o sindical global para setores [&hellip;]<\/p>\n","protected":false},"author":2,"featured_media":11570,"comment_status":"","ping_status":"","sticky":false,"template":"","format":"standard","meta":{"footnotes":""},"categories":[3],"tags":[],"class_list":["post-11571","post","type-post","status-publish","format-standard","has-post-thumbnail","hentry","category-noticias"],"_links":{"self":[{"href":"https:\/\/hostnetart.com.br\/baixada\/wp-json\/wp\/v2\/posts\/11571","targetHints":{"allow":["GET"]}}],"collection":[{"href":"https:\/\/hostnetart.com.br\/baixada\/wp-json\/wp\/v2\/posts"}],"about":[{"href":"https:\/\/hostnetart.com.br\/baixada\/wp-json\/wp\/v2\/types\/post"}],"author":[{"embeddable":true,"href":"https:\/\/hostnetart.com.br\/baixada\/wp-json\/wp\/v2\/users\/2"}],"replies":[{"embeddable":true,"href":"https:\/\/hostnetart.com.br\/baixada\/wp-json\/wp\/v2\/comments?post=11571"}],"version-history":[{"count":0,"href":"https:\/\/hostnetart.com.br\/baixada\/wp-json\/wp\/v2\/posts\/11571\/revisions"}],"wp:featuredmedia":[{"embeddable":true,"href":"https:\/\/hostnetart.com.br\/baixada\/wp-json\/wp\/v2\/media\/11570"}],"wp:attachment":[{"href":"https:\/\/hostnetart.com.br\/baixada\/wp-json\/wp\/v2\/media?parent=11571"}],"wp:term":[{"taxonomy":"category","embeddable":true,"href":"https:\/\/hostnetart.com.br\/baixada\/wp-json\/wp\/v2\/categories?post=11571"},{"taxonomy":"post_tag","embeddable":true,"href":"https:\/\/hostnetart.com.br\/baixada\/wp-json\/wp\/v2\/tags?post=11571"}],"curies":[{"name":"wp","href":"https:\/\/api.w.org\/{rel}","templated":true}]}}