{"id":11567,"date":"2021-10-05T18:17:42","date_gmt":"2021-10-05T21:17:42","guid":{"rendered":"https:\/\/hostnetart.com.br\/baixada\/tuitaco-dos-funcionarios-do-itau-fica-entre-os-assuntos-mais-comentados\/"},"modified":"2021-10-05T18:17:42","modified_gmt":"2021-10-05T21:17:42","slug":"tuitaco-dos-funcionarios-do-itau-fica-entre-os-assuntos-mais-comentados","status":"publish","type":"post","link":"https:\/\/hostnetart.com.br\/baixada\/tuitaco-dos-funcionarios-do-itau-fica-entre-os-assuntos-mais-comentados\/","title":{"rendered":"Tuita\u00e7o dos funcion\u00e1rios do Ita\u00fa fica entre os assuntos mais comentados"},"content":{"rendered":"<p>Os funcion\u00e1rios do Ita\u00fa deram o seu recado nas redes sociais nesta segunda-feira (4). Antes do apag\u00e3o das redes sociais ligadas ao Facebook, a hashtag #QueVergonhaIta\u00fa ficou entre os assuntos mais comentados do Twitter no Brasil. Gra\u00e7as a uma a\u00e7\u00e3o de mobiliza\u00e7\u00e3o dos sindicatos de todo o Brasil que se organizaram para denunciar as centenas de demiss\u00f5es promovidas pelo banco durante a pandemia e tamb\u00e9m a press\u00e3o a que os trabalhadores est\u00e3o sendo submetidos na empresa para o cumprimento de metas absurdas.<\/p>\n<p>\u201cOs sucessivos processos de reestrutura\u00e7\u00e3o do banco t\u00eam afetado significativamente os trabalhadores por meio de demiss\u00f5es, fechamento de ag\u00eancias e altera\u00e7\u00e3o nas fun\u00e7\u00f5es. Simultaneamente, os programas de metas abusivas determinados pela dire\u00e7\u00e3o do banco t\u00eam gerado uma realidade de ass\u00e9dio moral institucionalizado na empresa, o que tamb\u00e9m tem resultado no adoecimento de um grande n\u00famero de banc\u00e1rios. Todas estas medidas tomadas pela dire\u00e7\u00e3o da institui\u00e7\u00e3o financeira elevam a sobrecarga de trabalho e ampliam a rotatividade nos postos de trabalho\u201d, explicou o coordenador da Comiss\u00e3o de Organiza\u00e7\u00e3o dos Empregados (COE) do Ita\u00fa, Jair Alves.<\/p>\n<h3>Retorno ao trabalho presencial<\/h3>\n<p>Nesta segunda-feira (4), come\u00e7ou o processo de retorno ao trabalho presencial dos funcion\u00e1rios do grupo de risco. A COE Ita\u00fa orienta os trabalhadores a procurarem o sindicato de sua base caso haja algum tipo de irregularidade. Todo o processo de retorno est\u00e1 sendo acompanhado pelo movimento sindical.<\/p>\n<p><strong>Fonte: Contraf-CUT<\/strong><\/p>\n","protected":false},"excerpt":{"rendered":"<p>Os funcion\u00e1rios do Ita\u00fa deram o seu recado nas redes sociais nesta segunda-feira (4). Antes do apag\u00e3o das redes sociais ligadas ao Facebook, a hashtag #QueVergonhaIta\u00fa ficou entre os assuntos mais comentados do Twitter no Brasil. Gra\u00e7as a uma a\u00e7\u00e3o de mobiliza\u00e7\u00e3o dos sindicatos de todo o Brasil que se organizaram para denunciar as centenas [&hellip;]<\/p>\n","protected":false},"author":2,"featured_media":11566,"comment_status":"","ping_status":"","sticky":false,"template":"","format":"standard","meta":{"footnotes":""},"categories":[3],"tags":[],"class_list":["post-11567","post","type-post","status-publish","format-standard","has-post-thumbnail","hentry","category-noticias"],"_links":{"self":[{"href":"https:\/\/hostnetart.com.br\/baixada\/wp-json\/wp\/v2\/posts\/11567","targetHints":{"allow":["GET"]}}],"collection":[{"href":"https:\/\/hostnetart.com.br\/baixada\/wp-json\/wp\/v2\/posts"}],"about":[{"href":"https:\/\/hostnetart.com.br\/baixada\/wp-json\/wp\/v2\/types\/post"}],"author":[{"embeddable":true,"href":"https:\/\/hostnetart.com.br\/baixada\/wp-json\/wp\/v2\/users\/2"}],"replies":[{"embeddable":true,"href":"https:\/\/hostnetart.com.br\/baixada\/wp-json\/wp\/v2\/comments?post=11567"}],"version-history":[{"count":0,"href":"https:\/\/hostnetart.com.br\/baixada\/wp-json\/wp\/v2\/posts\/11567\/revisions"}],"wp:featuredmedia":[{"embeddable":true,"href":"https:\/\/hostnetart.com.br\/baixada\/wp-json\/wp\/v2\/media\/11566"}],"wp:attachment":[{"href":"https:\/\/hostnetart.com.br\/baixada\/wp-json\/wp\/v2\/media?parent=11567"}],"wp:term":[{"taxonomy":"category","embeddable":true,"href":"https:\/\/hostnetart.com.br\/baixada\/wp-json\/wp\/v2\/categories?post=11567"},{"taxonomy":"post_tag","embeddable":true,"href":"https:\/\/hostnetart.com.br\/baixada\/wp-json\/wp\/v2\/tags?post=11567"}],"curies":[{"name":"wp","href":"https:\/\/api.w.org\/{rel}","templated":true}]}}