{"id":11565,"date":"2021-10-05T18:00:10","date_gmt":"2021-10-05T21:00:10","guid":{"rendered":"https:\/\/hostnetart.com.br\/baixada\/funcionarios-do-banco-do-brasil-reivindicam-cuidados-para-o-trabalho-presencial\/"},"modified":"2021-10-05T18:00:10","modified_gmt":"2021-10-05T21:00:10","slug":"funcionarios-do-banco-do-brasil-reivindicam-cuidados-para-o-trabalho-presencial","status":"publish","type":"post","link":"https:\/\/hostnetart.com.br\/baixada\/funcionarios-do-banco-do-brasil-reivindicam-cuidados-para-o-trabalho-presencial\/","title":{"rendered":"Funcion\u00e1rios do Banco do Brasil reivindicam cuidados para o trabalho presencial"},"content":{"rendered":"<p>A Comiss\u00e3o de Empresa dos Funcion\u00e1rios do Banco do Brasil (CEBB) e a dire\u00e7\u00e3o do banco voltaram a se reunir, na noite da \u00faltima sexta-feira (1), para continuar a discutir o retorno ao trabalho presencial.<\/p>\n<p>Logo no in\u00edcio, os membros da CEBB refor\u00e7aram as cr\u00edticas ao modo como a convoca\u00e7\u00e3o do retorno foi feita, com amea\u00e7as de gestores aos trabalhadores que n\u00e3o querem retornar, e que ainda n\u00e3o \u00e9 o momento de retornar, pois a pandemia do coronav\u00edrus (Covid-19) continua, uma m\u00e9dia de mortes alta, e com a variante Delta, de alta transmissibilidade, predominando em v\u00e1rios estados.<\/p>\n<p>O movimento sindical aponta ainda que trabalho presencial aumenta a concentra\u00e7\u00e3o de pessoas e o risco de aglomera\u00e7\u00e3o nos pr\u00e9dios e ag\u00eancias, al\u00e9m de compartilharem o mesmo ambiente, tais como banheiros e cozinhas. Por isso, o uso de m\u00e1scaras PFF2\/N95 tem de ser obrigat\u00f3rio e fornecidas pela empresa, de acordo com as determina\u00e7\u00f5es da Organiza\u00e7\u00e3o Mundial de Sa\u00fade (OMS) e do Minist\u00e9rio da Sa\u00fade. Al\u00e9m da necessidade da vacina\u00e7\u00e3o completa, com o respeito aos 15 dias ap\u00f3s a segunda dose, e da testagem dos trabalhadores que aceitarem voltar. A CEBB reivindica tamb\u00e9m a proibi\u00e7\u00e3o da volta dos trabalhadores do grupo de risco e dos que coabitam com pessoas do grupo do risco.\u00a0<\/p>\n<p><strong>*Veja abaixo outras reivindica\u00e7\u00f5es dos trabalhadores encaminhadas para o banco:*<\/strong><\/p>\n<p>&#8211; Trabalho Remoto permanecer como estrat\u00e9gia para a continuidade do servi\u00e7o, podendo ser adotado sempre que a natureza do trabalho permitir;<\/p>\n<p>&#8211; Respeito \u00e0s normas municipais, estaduais e federais, acerca de a\u00e7\u00f5es para enfrentamento da pandemia de Covid-19, nos ambientes do BB;<\/p>\n<p>&#8211; Rod\u00edzio entre os trabalhadores da mesma equipe do trabalho remoto, para evitar a eventual contamina\u00e7\u00e3o de todas as pessoas de uma mesma \u00e1rea;<\/p>\n<p>&#8211; Retorno ao trabalho presencial de forma gradual, considerando a situa\u00e7\u00e3o epidemiol\u00f3gica da Covid-19 no Brasil e na regi\u00e3o onde a unidade est\u00e1 localizada;<\/p>\n<p>&#8211; Possibilidade da flexibiliza\u00e7\u00e3o da jornada de trabalho dos funcion\u00e1rios (em at\u00e9 1 hora para os que possuem jornada de 6 horas e at\u00e9 2 horas para os de jornada de 8 horas) para que seja poss\u00edvel reduzir a quantidade de funcion\u00e1rios presentes nos ambientes de forma simult\u00e2nea e estipulando turnos de trabalho, desde que n\u00e3o haja preju\u00edzos \u00e0s atividades desenvolvidas na depend\u00eancia;<\/p>\n<p>&#8211; Prioriza\u00e7\u00e3o do atendimento n\u00e3o presencial ao p\u00fablico;<\/p>\n<p>&#8211; Reuni\u00f5es presenciais devem ser evitadas;<\/p>\n<p>&#8211; Acompanhamento dos gestores da sua equipe, verificando diariamente o estado de sa\u00fade de todos e a eventual manifesta\u00e7\u00e3o de sintomas como tosse, cansa\u00e7o, congest\u00e3o nasal, coriza, mialgia (dor no corpo), dor de cabe\u00e7a, dor de garganta, dificuldade para respirar, febre e perda de olfato; Cuidados no deslocamento para o trabalho para evitar transporte p\u00fablico nos hor\u00e1rios de pico.<\/p>\n<p>&#8211; Uma comiss\u00e3o bipartite ser\u00e1 criada para a constru\u00e7\u00e3o de um manual de conduta dos funcion\u00e1rios do Banco do Brasil no retorno ao trabalho presencial a partir de segunda-feira (4).<\/p>\n","protected":false},"excerpt":{"rendered":"<p>A Comiss\u00e3o de Empresa dos Funcion\u00e1rios do Banco do Brasil (CEBB) e a dire\u00e7\u00e3o do banco voltaram a se reunir, na noite da \u00faltima sexta-feira (1), para continuar a discutir o retorno ao trabalho presencial. Logo no in\u00edcio, os membros da CEBB refor\u00e7aram as cr\u00edticas ao modo como a convoca\u00e7\u00e3o do retorno foi feita, com [&hellip;]<\/p>\n","protected":false},"author":2,"featured_media":11564,"comment_status":"","ping_status":"","sticky":false,"template":"","format":"standard","meta":{"footnotes":""},"categories":[3],"tags":[],"class_list":["post-11565","post","type-post","status-publish","format-standard","has-post-thumbnail","hentry","category-noticias"],"_links":{"self":[{"href":"https:\/\/hostnetart.com.br\/baixada\/wp-json\/wp\/v2\/posts\/11565","targetHints":{"allow":["GET"]}}],"collection":[{"href":"https:\/\/hostnetart.com.br\/baixada\/wp-json\/wp\/v2\/posts"}],"about":[{"href":"https:\/\/hostnetart.com.br\/baixada\/wp-json\/wp\/v2\/types\/post"}],"author":[{"embeddable":true,"href":"https:\/\/hostnetart.com.br\/baixada\/wp-json\/wp\/v2\/users\/2"}],"replies":[{"embeddable":true,"href":"https:\/\/hostnetart.com.br\/baixada\/wp-json\/wp\/v2\/comments?post=11565"}],"version-history":[{"count":0,"href":"https:\/\/hostnetart.com.br\/baixada\/wp-json\/wp\/v2\/posts\/11565\/revisions"}],"wp:featuredmedia":[{"embeddable":true,"href":"https:\/\/hostnetart.com.br\/baixada\/wp-json\/wp\/v2\/media\/11564"}],"wp:attachment":[{"href":"https:\/\/hostnetart.com.br\/baixada\/wp-json\/wp\/v2\/media?parent=11565"}],"wp:term":[{"taxonomy":"category","embeddable":true,"href":"https:\/\/hostnetart.com.br\/baixada\/wp-json\/wp\/v2\/categories?post=11565"},{"taxonomy":"post_tag","embeddable":true,"href":"https:\/\/hostnetart.com.br\/baixada\/wp-json\/wp\/v2\/tags?post=11565"}],"curies":[{"name":"wp","href":"https:\/\/api.w.org\/{rel}","templated":true}]}}