{"id":11563,"date":"2021-10-05T17:44:31","date_gmt":"2021-10-05T20:44:31","guid":{"rendered":"https:\/\/hostnetart.com.br\/baixada\/mesa-permanente-de-saude-debate-protocolo-contra-covid-19\/"},"modified":"2021-10-05T17:44:31","modified_gmt":"2021-10-05T20:44:31","slug":"mesa-permanente-de-saude-debate-protocolo-contra-covid-19","status":"publish","type":"post","link":"https:\/\/hostnetart.com.br\/baixada\/mesa-permanente-de-saude-debate-protocolo-contra-covid-19\/","title":{"rendered":"Mesa Permanente de Sa\u00fade debate protocolo contra Covid-19"},"content":{"rendered":"<div class=\"\" data-block=\"true\" data-editor=\"4v5g2\" data-offset-key=\"f2a7e-0-0\">\n<div class=\"_1mf _1mj\" data-offset-key=\"f2a7e-0-0\">\n<div class=\"elementor-element elementor-element-7f3737e elementor-widget elementor-widget-theme-post-title elementor-page-title elementor-widget-heading\" data-id=\"7f3737e\" data-element_type=\"widget\" data-widget_type=\"theme-post-title.default\">\n<div class=\"elementor-widget-container\">\n<h1 class=\"elementor-heading-title elementor-size-default\">\u00a0<\/h1>\n<p>Representantes do Comando Nacional\u00a0dos\u00a0Banc\u00e1rios\u00a0e da Federa\u00e7\u00e3o Nacional dos Bancos (Fenaban) se reuniram na \u00faltima sexta-feira (1\u00ba) na Mesa Permanente de Sa\u00fade para discutir o protocolo base de seguran\u00e7a contra a Covid-19.<\/p>\n<p>A formaliza\u00e7\u00e3o do protocolo \u00e9 necess\u00e1ria no momento em que os bancos cada vez mais insistam na volta ao trabalho presencial.\u00a0<\/p>\n<p>A Fenaban pediu mais um tempo para formalizar o protocolo.\u00a0<\/p>\n<p>A reuni\u00e3o decidiu tamb\u00e9m retomar os encontros regulares da Mesa Permanente de Sa\u00fade e marcou, para o dia 25, novo encontro para tratar de outros pontos que envolvam a sa\u00fade de banc\u00e1rias e banc\u00e1rios, como metas abusivas, sequelas da Covid-19 e aten\u00e7\u00e3o ao adoecido. Na ocasi\u00e3o, ser\u00e3o apresentados resultados da pesquisa feita na categoria sobre as sequelas nos contagiados pela pandemia.<\/p>\n<\/div>\n<\/div>\n<\/div>\n<div class=\"_1mf _1mj\" data-offset-key=\"f2a7e-0-0\">\u00a0<\/div>\n<\/div>\n<div class=\"\" data-block=\"true\" data-editor=\"4v5g2\" data-offset-key=\"e2ued-0-0\">\u00a0<\/div>\n<div class=\"\" data-block=\"true\" data-editor=\"4v5g2\" data-offset-key=\"e2ued-0-0\"><strong>Fonte: Fetraf RJ\/ES<\/strong><\/div>\n","protected":false},"excerpt":{"rendered":"<p>\u00a0 Representantes do Comando Nacional\u00a0dos\u00a0Banc\u00e1rios\u00a0e da Federa\u00e7\u00e3o Nacional dos Bancos (Fenaban) se reuniram na \u00faltima sexta-feira (1\u00ba) na Mesa Permanente de Sa\u00fade para discutir o protocolo base de seguran\u00e7a contra a Covid-19. A formaliza\u00e7\u00e3o do protocolo \u00e9 necess\u00e1ria no momento em que os bancos cada vez mais insistam na volta ao trabalho presencial.\u00a0 A Fenaban [&hellip;]<\/p>\n","protected":false},"author":2,"featured_media":11562,"comment_status":"","ping_status":"","sticky":false,"template":"","format":"standard","meta":{"footnotes":""},"categories":[3],"tags":[],"class_list":["post-11563","post","type-post","status-publish","format-standard","has-post-thumbnail","hentry","category-noticias"],"_links":{"self":[{"href":"https:\/\/hostnetart.com.br\/baixada\/wp-json\/wp\/v2\/posts\/11563","targetHints":{"allow":["GET"]}}],"collection":[{"href":"https:\/\/hostnetart.com.br\/baixada\/wp-json\/wp\/v2\/posts"}],"about":[{"href":"https:\/\/hostnetart.com.br\/baixada\/wp-json\/wp\/v2\/types\/post"}],"author":[{"embeddable":true,"href":"https:\/\/hostnetart.com.br\/baixada\/wp-json\/wp\/v2\/users\/2"}],"replies":[{"embeddable":true,"href":"https:\/\/hostnetart.com.br\/baixada\/wp-json\/wp\/v2\/comments?post=11563"}],"version-history":[{"count":0,"href":"https:\/\/hostnetart.com.br\/baixada\/wp-json\/wp\/v2\/posts\/11563\/revisions"}],"wp:featuredmedia":[{"embeddable":true,"href":"https:\/\/hostnetart.com.br\/baixada\/wp-json\/wp\/v2\/media\/11562"}],"wp:attachment":[{"href":"https:\/\/hostnetart.com.br\/baixada\/wp-json\/wp\/v2\/media?parent=11563"}],"wp:term":[{"taxonomy":"category","embeddable":true,"href":"https:\/\/hostnetart.com.br\/baixada\/wp-json\/wp\/v2\/categories?post=11563"},{"taxonomy":"post_tag","embeddable":true,"href":"https:\/\/hostnetart.com.br\/baixada\/wp-json\/wp\/v2\/tags?post=11563"}],"curies":[{"name":"wp","href":"https:\/\/api.w.org\/{rel}","templated":true}]}}