{"id":11561,"date":"2021-10-05T17:41:20","date_gmt":"2021-10-05T20:41:20","guid":{"rendered":"https:\/\/hostnetart.com.br\/baixada\/com-fortunas-em-paraisos-fiscais-plutocratas-comandam-politica-economica-no-brasil\/"},"modified":"2021-10-05T17:41:20","modified_gmt":"2021-10-05T20:41:20","slug":"com-fortunas-em-paraisos-fiscais-plutocratas-comandam-politica-economica-no-brasil","status":"publish","type":"post","link":"https:\/\/hostnetart.com.br\/baixada\/com-fortunas-em-paraisos-fiscais-plutocratas-comandam-politica-economica-no-brasil\/","title":{"rendered":"Com fortunas em para\u00edsos fiscais, \u2018plutocratas\u2019 comandam pol\u00edtica econ\u00f4mica no Brasil"},"content":{"rendered":"<p>De acordo com o economista Pedro Rossi, professor do Instituto de Economia da Universidade de Campinas (Unicamp), s\u00e3o \u00f3bvios os conflitos de interesse envolvendo a atua\u00e7\u00e3o do ministro da Economia, Paulo Guedes, e do presidente do Banco Central (BC), Roberto Campos Neto. Ambos foram flagrados nos\u00a0<em><a href=\"https:\/\/www.redebrasilatual.com.br\/politica\/2021\/10\/guedes-e-campos-neto-em-paraisos-fiscais-raposas-tomando-conta-do-galinheiro\/\">Panam\u00e1 Papers<\/a><\/em>\u00a0como detentores de empresas offshore em para\u00edsos fiscais, com milh\u00f5es de d\u00f3lares investidos. Trata-se dos principais respons\u00e1veis pela defini\u00e7\u00e3o das pol\u00edticas fiscal e monet\u00e1ria do pa\u00eds, podendo auferir lucros com suas pr\u00f3prias decis\u00f5es. Mas muito mais do que os benef\u00edcios pessoais, o economista chama a aten\u00e7\u00e3o para um problema de ordem sist\u00eamica.<\/p>\n<p>Segundo Rossi, o governo Bolsonaro, com Guedes e Campos Neto \u00e0 frente, vem conduzindo o maior processo de liberaliza\u00e7\u00e3o financeira da hist\u00f3ria recente no Brasil. E ele destaca que esta \u201cagenda silenciosa\u201d, que vai na contram\u00e3o dos interesses nacionais, \u00e9 levada adiante pelos mesmos agentes que fazer parte dessa elite.<\/p>\n<div class=\"widget-area-inside-single-content\">\u00a0<\/div>\n<p>\u201cQuem est\u00e1 conduzindo esse processo s\u00e3o justamente os interessados, aqueles que fazem parte de uma\u00a0<a href=\"https:\/\/www.redebrasilatual.com.br\/economia\/2021\/10\/capital-improdutivo-parasita-brasileiro\/\">plutocracia financeira<\/a>\u00a0que tem milh\u00f5es em offshores\u201d, disse Rossi, em entrevista a Glauco Faria, para o\u00a0<em><a href=\"https:\/\/www.youtube.com\/watch?v=FP576JC2GH0\">Jornal Brasil Atual<\/a><\/em>, nesta ter\u00e7a-feira (5).<\/p>\n<p>\u201cO principal significado econ\u00f4mico do Pandora Papers \u00e9 revelar que a elite financeira \u2013 a \u2018plutocracia\u2019 financeira \u2013 est\u00e1 gerindo a nossa pol\u00edtica econ\u00f4mica, empreendendo uma agenda de liberaliza\u00e7\u00e3o financeira em benef\u00edcio pr\u00f3prio. Muito mais do que um problema individual de Guedes ou Roberto Campos, este \u00e9 um problema sist\u00eamico\u201d, afirmou o economista.<\/p>\n<div class=\"widget-area-inside-single-content\">\u00a0<\/div>\n<h2>Agenda silenciosa<\/h2>\n<p>Como exemplo dessas mudan\u00e7as que atendem aos interesses da elite financeira, Rossi cita decis\u00e3o recente do Conselho Monet\u00e1rio Nacional (CNM). Na semana passada, o CMN autorizou medida que facilita opera\u00e7\u00f5es de derivativos com empresas offshore. \u201cOu seja, podem fazer qualquer opera\u00e7\u00e3o meramente especulativa a descoberto, sem ativos subjacentes\u201d, destaca o economista. Mecanismos de desregulamenta\u00e7\u00e3o como este est\u00e3o nas origens da crise financeira mundial de 2008.<\/p>\n<p>Anteriormente, o CMN tamb\u00e9m havia abolido a necessidade de serem comunicadas ao Banco Central opera\u00e7\u00f5es de remessa ao exterior envolvendo valores inferiores a US$ 1 milh\u00e3o. Outro exemplo de medida que beneficia os especuladores que mant\u00eam recursos em para\u00edsos fiscais.<\/p>\n<p>Nesse sentido, Rossi cita inclusive a pr\u00f3pria<a href=\"https:\/\/www.redebrasilatual.com.br\/economia\/2021\/02\/autonomia-banco-central-mercado-financeiro\/\">\u00a0autonomia do BC<\/a>, aprovada pelo Congresso Nacional no in\u00edcio do ano. Ele destaca que a press\u00e3o foi tamanha que essa pauta acabou \u201cfurando a fila\u201d de outras medidas mais importantes. A aprova\u00e7\u00e3o ocorreu ainda antes da extens\u00e3o do aux\u00edlio emergencial e, at\u00e9 mesmo, da aprova\u00e7\u00e3o do or\u00e7amento de 2021.<\/p>\n<p>No caso das normas infralegais decididas pelo CMN, a situa\u00e7\u00e3o \u00e9 ainda mais grave, segundo o economista, pois faltam participa\u00e7\u00e3o democr\u00e1tica e transpar\u00eancia nessas decis\u00f5es. Apenas tr\u00eas indiv\u00edduos \u2013 Guedes, Campos Neto e por Bruno Funchal, que \u00e9 secret\u00e1rio especial de Fazenda\u00a0do Minist\u00e9rio da Economia \u2013 deliberam a portas fechadas.<\/p>\n<h3>Contra o interesse nacional<\/h3>\n<p>Legislando em benef\u00edcio pr\u00f3prio, estes agentes atentam contra os interesses nacionais. Ao liberalizarem os fluxos de capitais, aumentam a vulnerabilidade do pa\u00eds diante de choques externos. Rossi afirma que, na \u00e9poca da\u00a0<a href=\"https:\/\/www.redebrasilatual.com.br\/economia\/2011\/08\/experiencia-de-2008-e-medidas-do-banco-central-irao-afastar-crise-diz-mantega\/\">crise de 2008<\/a>, o sistema financeiro brasileiro estava mais protegido do que agora.<\/p>\n<p>\u201cO avan\u00e7o desta agenda faz com que fiquemos mais vulner\u00e1veis a crises financeiras l\u00e1 fora. E mais vulner\u00e1veis do ponto de vista macroecon\u00f4mico, com volatividade cambial, fuga de capitais etc. Ou seja, essa elite financeira desestabiliza o pa\u00eds simplesmente colocando seus recursos l\u00e1 fora, gerando crises cambiais\u201d. Em situa\u00e7\u00f5es como esta, o real se desvaloriza frente ao d\u00f3lar. Uma das implica\u00e7\u00f5es diretas \u00e9 o aumento da infla\u00e7\u00e3o, que impacta negativamente o conjunto da popula\u00e7\u00e3o brasileira, em especial os mais pobres.<\/p>\n<p>\u201cO que a democracia, a popula\u00e7\u00e3o e o Estado podem fazer em rela\u00e7\u00e3o a isso? Regular\u201d, sugere o economista. \u201c\u00c9 isso que deve ser feito. E o que est\u00e1 sendo feito por Guedes e Campos Neto, que s\u00e3o representantes dessa plutocracia, \u00e9 desregulamentar ainda mais. Tirando as amarras e dando ainda mais poder, liberdade e rentabilidade a esses agentes\u201d.<\/p>\n<h4><span style=\"text-decoration: underline;\"><strong>Sil\u00eancio da m\u00eddia<\/strong><\/span><\/h4>\n<p>\u00c9 o poder dessa elite plutocrata que comanda esse processo de liberaliza\u00e7\u00e3o que a imprensa tradicional tenta disfar\u00e7ar. Por isso, segundo Rossi, \u00e9 que a participa\u00e7\u00e3o de Guedes e Campos Neto nos\u00a0<a href=\"https:\/\/www.redebrasilatual.com.br\/politica\/2021\/10\/luciano-hang-nao-declarou-offshore-17-anos\/\">Pandora Papers<\/a>\u00a0foi praticamente escondida dos principais jornais. Ou, quando noticiaram, fizeram quest\u00e3o de apontar que n\u00e3o existe nenhuma ilegalidade nesse tipo de instrumento, que \u00e9 utilizado principalmente para fugir da cobran\u00e7a de impostos.<\/p>\n<p>\u201c\u00c9 isso que a imprensa est\u00e1 ocultando. Porque \u00e9 essa mesma elite que d\u00e1 as cartas na pr\u00f3pria imprensa. \u00c9 evidente que n\u00e3o est\u00e1 correto. A gente tem um ministro da Economia que coloca dinheiro em para\u00edso fiscal. E provavelmente movimentou esse dinheiro\u201d, disse ele.<\/p>\n<p>\u201c\u00c9 evidente que h\u00e1 conflito de interesse. Isso nem deveria ser alvo de discuss\u00e3o. Mas o problema \u00e9 muito mais profundo, \u00e9 uma agenda econ\u00f4mica em benef\u00edcio deles mesmos que est\u00e1 sendo conduzida, em benef\u00edcio dessa elite plutocr\u00e1tica que movimenta seus recursos pelo mundo, em para\u00edsos fiscais e\u00a0<em>offshore<\/em>. E esses dois personagens est\u00e3o conduzindo essa pol\u00edtica\u201d, acrescentou.<\/p>\n<h3>Na contram\u00e3o do mundo<\/h3>\n<p>Organizador do livro\u00a0<em>Economia p\u00f3s-pandemia: desmontando os mitos da austeridade fiscal e construindo um novo paradigma econ\u00f4mico no Brasil<\/em>\u00a0(Ed. Autonomia Liter\u00e1ria), Rossi afirma que essa agenda de liberaliza\u00e7\u00e3o econ\u00f4mica levada a cabo no Brasil est\u00e1 em descompasso com as ideias discutidas, e tamb\u00e9m postas em pr\u00e1tica, ao redor do mundo. Desde a crise de 2008, e principalmente em fun\u00e7\u00e3o da pandemia, a regulamenta\u00e7\u00e3o financeira e a participa\u00e7\u00e3o do Estado como indutor do desenvolvimento econ\u00f4mico ganharam novo f\u00f4lego. Segundo ele, \u201ca austeridade fiscal foi enterrada no debate internacional\u201d.<\/p>\n<p>Ele citou os tr\u00eas pacotes de est\u00edmulo anunciados pelo presidente dos Estados Unidos, Joe Biden, que, juntos, somam<a href=\"https:\/\/www.redebrasilatual.com.br\/economia\/2021\/09\/biden-aposta-no-papel-do-estado-brasil-vai-na-contramao\/\">\u00a0US$ 6 trilh\u00f5es em investimentos<\/a>. Na mesma linha, a Uni\u00e3o Europeia tamb\u00e9m vem implementando um plano de recupera\u00e7\u00e3o econ\u00f4mica de \u20ac 750 bilh\u00f5es. Essas a\u00e7\u00f5es buscam estimular a cria\u00e7\u00e3o de empregos no p\u00f3s-pandemia, al\u00e9m de estimular a transi\u00e7\u00e3o para fontes de energias renov\u00e1veis, como forma de conter as mudan\u00e7as clim\u00e1ticas.<\/p>\n<p>Tanto os Estados Unidos como os pa\u00edses europeus prop\u00f5em elevar impostos sobre os mais ricos, como forma de financiar os investimentos p\u00fablicos. Por aqui, a plutocracia se previne de eventuais efeitos como este, enviando seus d\u00f3lares para para\u00edsos fiscais.<\/p>\n<p>\u201cE o que estamos discutindo no Brasil? Nada em rela\u00e7\u00e3o a emprego ou plano de recupera\u00e7\u00e3o. Na cabe\u00e7a dos nossos l\u00edderes da pol\u00edtica econ\u00f4mica, \u00e9 o mercado que vai conduzir o processo. N\u00e3o h\u00e1 nada na dire\u00e7\u00e3o de um plano de recupera\u00e7\u00e3o. Pelo contr\u00e1rio. O que h\u00e1 \u00e9 uma pol\u00edtica econ\u00f4mica que vira as costas para o desemprego e para a recupera\u00e7\u00e3o econ\u00f4mica\u201d, ressaltou. Rossi vaticina, no entanto, que essas pol\u00edticas n\u00e3o se sustentam no longo prazo. \u201cVamos ter que discutir uma transforma\u00e7\u00e3o profunda na economia brasileira\u201d, conclui.<\/p>\n<p><strong>Fonte: Contraf-CUT<\/strong><\/p>\n","protected":false},"excerpt":{"rendered":"<p>De acordo com o economista Pedro Rossi, professor do Instituto de Economia da Universidade de Campinas (Unicamp), s\u00e3o \u00f3bvios os conflitos de interesse envolvendo a atua\u00e7\u00e3o do ministro da Economia, Paulo Guedes, e do presidente do Banco Central (BC), Roberto Campos Neto. Ambos foram flagrados nos\u00a0Panam\u00e1 Papers\u00a0como detentores de empresas offshore em para\u00edsos fiscais, com [&hellip;]<\/p>\n","protected":false},"author":2,"featured_media":11560,"comment_status":"","ping_status":"","sticky":false,"template":"","format":"standard","meta":{"footnotes":""},"categories":[3],"tags":[],"class_list":["post-11561","post","type-post","status-publish","format-standard","has-post-thumbnail","hentry","category-noticias"],"_links":{"self":[{"href":"https:\/\/hostnetart.com.br\/baixada\/wp-json\/wp\/v2\/posts\/11561","targetHints":{"allow":["GET"]}}],"collection":[{"href":"https:\/\/hostnetart.com.br\/baixada\/wp-json\/wp\/v2\/posts"}],"about":[{"href":"https:\/\/hostnetart.com.br\/baixada\/wp-json\/wp\/v2\/types\/post"}],"author":[{"embeddable":true,"href":"https:\/\/hostnetart.com.br\/baixada\/wp-json\/wp\/v2\/users\/2"}],"replies":[{"embeddable":true,"href":"https:\/\/hostnetart.com.br\/baixada\/wp-json\/wp\/v2\/comments?post=11561"}],"version-history":[{"count":0,"href":"https:\/\/hostnetart.com.br\/baixada\/wp-json\/wp\/v2\/posts\/11561\/revisions"}],"wp:featuredmedia":[{"embeddable":true,"href":"https:\/\/hostnetart.com.br\/baixada\/wp-json\/wp\/v2\/media\/11560"}],"wp:attachment":[{"href":"https:\/\/hostnetart.com.br\/baixada\/wp-json\/wp\/v2\/media?parent=11561"}],"wp:term":[{"taxonomy":"category","embeddable":true,"href":"https:\/\/hostnetart.com.br\/baixada\/wp-json\/wp\/v2\/categories?post=11561"},{"taxonomy":"post_tag","embeddable":true,"href":"https:\/\/hostnetart.com.br\/baixada\/wp-json\/wp\/v2\/tags?post=11561"}],"curies":[{"name":"wp","href":"https:\/\/api.w.org\/{rel}","templated":true}]}}