{"id":11557,"date":"2021-10-05T13:36:50","date_gmt":"2021-10-05T16:36:50","guid":{"rendered":"https:\/\/hostnetart.com.br\/baixada\/queda-de-facebook-e-whatsapp-expoe-problema-da-limitacao-do-acesso-a-internet-no-brasil\/"},"modified":"2021-10-05T13:36:50","modified_gmt":"2021-10-05T16:36:50","slug":"queda-de-facebook-e-whatsapp-expoe-problema-da-limitacao-do-acesso-a-internet-no-brasil","status":"publish","type":"post","link":"https:\/\/hostnetart.com.br\/baixada\/queda-de-facebook-e-whatsapp-expoe-problema-da-limitacao-do-acesso-a-internet-no-brasil\/","title":{"rendered":"\u2018Queda\u2019 de Facebook e WhatsApp exp\u00f5e problema da limita\u00e7\u00e3o do acesso \u00e0 internet no Brasil"},"content":{"rendered":"<p>A internet assistiu,\u00a0<a href=\"https:\/\/www.redebrasilatual.com.br\/mundo\/2021\/10\/um-dia-sem-whatsapp-instagram-e-facebook-em-todo-o-mundo\/\" target=\"_blank\" rel=\"noopener noreferrer\">na \u00faltima segunda-feira (4)<\/a>, uma pane global no Facebook, WhatsApp e Instagram. A queda dessas redes sociais afetou comunica\u00e7\u00f5es de usu\u00e1rios e at\u00e9 neg\u00f3cios de vendedores. Para a advogada especializada em telecomunica\u00e7\u00f5es e integrante do Coletivo\u00a0<a href=\"https:\/\/intervozes.org.br\/\" target=\"_blank\" rel=\"noopener noreferrer\">Intervozes<\/a>, Fl\u00e1via Lef\u00e8vre, o fato exp\u00f4s um problema grave no Brasil: o acesso restrito e limitado \u00e0 internet.<\/p>\n<p>At\u00e9 as 19h de ontem os aplicativos n\u00e3o carregavam e era imposs\u00edvel atualizar as p\u00e1ginas, postar imagens, enviar ou receber mensagens. Instagram e Facebook come\u00e7aram a \u201cvoltar\u201d pouco depois das 19h. Meia hora depois, o WhatsApp, inst\u00e1vel, voltou primeiro nos celulares e, depois, permitindo a sincroniza\u00e7\u00e3o com o Web WhatsApp, em computadores.<\/p>\n<p>A especialista lembra que o acesso \u00e0 internet\u00a0<a href=\"https:\/\/www.redebrasilatual.com.br\/mundo\/2021\/10\/um-dia-sem-whatsapp-instagram-e-facebook-em-todo-o-mundo\/\" target=\"_blank\" rel=\"noopener noreferrer\">j\u00e1 \u00e9 pouco democr\u00e1tico<\/a>, devido aos custos cobrados pelas operadoras. Al\u00e9m disso, 85% das classes D e E acessam o mundo virtual por meio de dispositivos m\u00f3veis, usam planos pr\u00e9-pagos, com limites de dados, mas com dois \u00fanicos acessos ilimitados: Facebook e WhatsApp.<\/p>\n<p>\u201cEsse caso exp\u00f5e alguns problemas. Infelizmente, boa parte dos consumidores brasileiros acessa a internet por dispositivos m\u00f3veis e com acesso ilimitado ao Facebook e WhatsApp. Ent\u00e3o, num momento como esse, h\u00e1 uma distin\u00e7\u00e3o entre acesso \u00e0 internet e acesso \u00e0s aplica\u00e7\u00f5es de internet. O Facebook tem um poder incr\u00edvel e criou uma depend\u00eancia enorme aos usu\u00e1rios brasileiros\u201d, criticou Fl\u00e1via, em entrevista \u00e0 jornalista Marilu Caba\u00f1as, da\u00a0<strong>R\u00e1dio Brasil Atual<\/strong>.<\/p>\n<h2><span style=\"text-decoration: underline;\">Facebook e a exclus\u00e3o digital<\/span><\/h2>\n<p>Com a falta de acesso livre \u00e0 toda internet, os usu\u00e1rios possuem sua a navega\u00e7\u00e3o limitada ao Facebook e WhatsApp. O caos nas plataformas das empresas de Mark Zuckerberg pode ter levado tamb\u00e9m a instabilidades nas operadoras de telefonia e internet, j\u00e1 que foram registradas reclama\u00e7\u00f5es tamb\u00e9m sobre esses servi\u00e7os. O mesmo em rela\u00e7\u00e3o ao Telegram, plataforma concorrente do WhatsApp.<\/p>\n<p>De acordo com Fl\u00e1via, se 70 milh\u00f5es de brasileiros possuem limita\u00e7\u00e3o para navegar na internet, \u00e9 preciso pol\u00edticas p\u00fablicas que ampliem o acesso do consumidor. Caso contr\u00e1rio, o poder dessas empresas ficar\u00e1 ainda maior e aumentando a depend\u00eancia dos usu\u00e1rios.<\/p>\n<p>\u201cEssas plataformas n\u00e3o s\u00e3o a internet, s\u00e3o empresas que ocupam um espa\u00e7o p\u00fablico. O nosso modelo de internet aqui \u00e9 lesivo. A pandemia revelou o fosso digital que existe e como as classes mais baixas t\u00eam um acesso \u00e0 internet desqualificado. Isso est\u00e1 relacionado com o poder dessas plataformas. As grandes empresas de comunica\u00e7\u00e3o est\u00e3o associadas aos Facebook e WhatsApp, isso \u00e9 um problema gigante\u201d, acrescentou.<\/p>\n<p><strong>Fonte: Rede Brasil Atual<\/strong><\/p>\n","protected":false},"excerpt":{"rendered":"<p>A internet assistiu,\u00a0na \u00faltima segunda-feira (4), uma pane global no Facebook, WhatsApp e Instagram. A queda dessas redes sociais afetou comunica\u00e7\u00f5es de usu\u00e1rios e at\u00e9 neg\u00f3cios de vendedores. Para a advogada especializada em telecomunica\u00e7\u00f5es e integrante do Coletivo\u00a0Intervozes, Fl\u00e1via Lef\u00e8vre, o fato exp\u00f4s um problema grave no Brasil: o acesso restrito e limitado \u00e0 internet. [&hellip;]<\/p>\n","protected":false},"author":2,"featured_media":11556,"comment_status":"","ping_status":"","sticky":false,"template":"","format":"standard","meta":{"footnotes":""},"categories":[3],"tags":[],"class_list":["post-11557","post","type-post","status-publish","format-standard","has-post-thumbnail","hentry","category-noticias"],"_links":{"self":[{"href":"https:\/\/hostnetart.com.br\/baixada\/wp-json\/wp\/v2\/posts\/11557","targetHints":{"allow":["GET"]}}],"collection":[{"href":"https:\/\/hostnetart.com.br\/baixada\/wp-json\/wp\/v2\/posts"}],"about":[{"href":"https:\/\/hostnetart.com.br\/baixada\/wp-json\/wp\/v2\/types\/post"}],"author":[{"embeddable":true,"href":"https:\/\/hostnetart.com.br\/baixada\/wp-json\/wp\/v2\/users\/2"}],"replies":[{"embeddable":true,"href":"https:\/\/hostnetart.com.br\/baixada\/wp-json\/wp\/v2\/comments?post=11557"}],"version-history":[{"count":0,"href":"https:\/\/hostnetart.com.br\/baixada\/wp-json\/wp\/v2\/posts\/11557\/revisions"}],"wp:featuredmedia":[{"embeddable":true,"href":"https:\/\/hostnetart.com.br\/baixada\/wp-json\/wp\/v2\/media\/11556"}],"wp:attachment":[{"href":"https:\/\/hostnetart.com.br\/baixada\/wp-json\/wp\/v2\/media?parent=11557"}],"wp:term":[{"taxonomy":"category","embeddable":true,"href":"https:\/\/hostnetart.com.br\/baixada\/wp-json\/wp\/v2\/categories?post=11557"},{"taxonomy":"post_tag","embeddable":true,"href":"https:\/\/hostnetart.com.br\/baixada\/wp-json\/wp\/v2\/tags?post=11557"}],"curies":[{"name":"wp","href":"https:\/\/api.w.org\/{rel}","templated":true}]}}