{"id":1155,"date":"2013-06-27T00:00:00","date_gmt":"2013-06-27T03:00:00","guid":{"rendered":"https:\/\/hostnetart.com.br\/baixada\/dilma-afirma-que-so-aprovara-projetos-em-consenso-com-trabalhadores\/"},"modified":"2013-06-27T00:00:00","modified_gmt":"2013-06-27T03:00:00","slug":"dilma-afirma-que-so-aprovara-projetos-em-consenso-com-trabalhadores","status":"publish","type":"post","link":"https:\/\/hostnetart.com.br\/baixada\/dilma-afirma-que-so-aprovara-projetos-em-consenso-com-trabalhadores\/","title":{"rendered":"Dilma afirma que s\u00f3 aprovar\u00e1 projetos em consenso com trabalhadores"},"content":{"rendered":"<p>A CUT e as demais centrais sindicais reuniram-se na manh\u00e3 desta quarta-feira (26) com a presidenta Dilma Rousseff, em Bras\u00edlia, para discutir as recentes manifesta\u00e7\u00f5es que tomaram as ruas do Brasil.<\/p>\n<p>\u00a0<\/p>\n<p>Durante o encontro, ela enfatizou que n\u00e3o aprovar\u00e1 qualquer projeto sem que exista acordo entre trabalhadores, empregadores e governo, atendendo \u00e0 reivindica\u00e7\u00e3o das centrais de estabelecer um canal de di\u00e1logo permanente.<\/p>\n<p>\u00a0<\/p>\n<p>Dilma tamb\u00e9m afirmou que a pauta da classe trabalhadora \u2013 com itens como o combate \u00e0 terceiriza\u00e7\u00e3o, fim do fator previdenci\u00e1rio e redu\u00e7\u00e3o da jornada de trabalho para 40 horas semanais \u2013 ser\u00e1 negociada como um todo, as negocia\u00e7\u00f5es continuar\u00e3o e o governo apresentar\u00e1 uma resposta at\u00e9 agosto.<\/p>\n<p>\u00a0<\/p>\n<p>A presidenta admitiu que \u00e9 preciso aprimorar a interlocu\u00e7\u00e3o com as centrais e disse concordar com as cr\u00edticas das ruas sobre a qualidade dos servi\u00e7os p\u00fablicos. Afirmou, ainda, que a press\u00e3o das mobiliza\u00e7\u00f5es est\u00e1 correta e ajuda na transforma\u00e7\u00e3o do pa\u00eds.<\/p>\n<p>\u00a0<\/p>\n<p>O presidente da CUT, Vagner Freitas, por\u00e9m, ponderou que as melhorias s\u00f3 existir\u00e3o com o investimento na rede p\u00fablica. \u201cO governo tem de se debru\u00e7ar sobre a sa\u00fade, transporte, educa\u00e7\u00e3o e seguran\u00e7a p\u00fablica de qualidade. N\u00e3o adianta querer melhorar privatizando. Apontamos que a resposta tem de vir do Estado e ela concordou.\u201d<\/p>\n<p>\u00a0<\/p>\n<p>Vagner criticou a postura do presidente da For\u00e7a Sindical e deputado federal, Paulinho da For\u00e7a, que classificou a reuni\u00e3o como lament\u00e1vel e disse que a presidenta chamou sindicalistas, levantou e foi embora sem dizer qualquer palavra.<\/p>\n<p>\u00a0<\/p>\n<p>\u201cN\u00e3o foi uma rodada de negocia\u00e7\u00e3o da pauta das centrais, que j\u00e1 tem f\u00f3rum quadripartite e reuni\u00e3o marcada para o pr\u00f3ximo dia 3 de julho, quando discutiremos o PL (Projeto de Lei) 4330\/3004, da terceiriza\u00e7\u00e3o. Mas sim um espa\u00e7o para que discut\u00edssemos o que est\u00e1 acontecendo e como devemos fazer para que o movimento crie propostas progressistas.\u201d<\/p>\n<p>\u00a0<\/p>\n<p>O dirigente comentou, ainda, que a CUT ir\u00e1 construir uma campanha nacional pela reforma pol\u00edtica e pelo plebiscito e citou a import\u00e2ncia de dar ouvido ao povo. \u201cQualquer pol\u00edtico ou organiza\u00e7\u00e3o que for contra essa consulta \u00e9 porque est\u00e1 acostumado \u00e0 velha pol\u00edtica e quer tratar esses assuntos longe da popula\u00e7\u00e3o e da classe trabalhadora, exclusivamente nos corredores do Congresso.\u201d<\/p>\n<p>\u00a0<\/p>\n<p>Por fim, Vagner destacou que as conquistas do movimento sindical s\u00e3o resultado de mobiliza\u00e7\u00f5es e da capacidade de organiza\u00e7\u00e3o da classe trabalhadora e n\u00e3o concess\u00e3o do poder p\u00fablico. \u201cOs avan\u00e7os s\u00e3o fruto de manifesta\u00e7\u00f5es de rua, como a que promoveremos no dia 11 de julho em todo o pa\u00eds. A negocia\u00e7\u00e3o se constr\u00f3i na mesa, mas apenas se efetiva com manifesta\u00e7\u00e3o de massa.\u201d<\/p>\n<p>\u00a0<\/p>\n<p>Fonte: CUT<\/p>\n","protected":false},"excerpt":{"rendered":"<p>A CUT e as demais centrais sindicais reuniram-se na manh\u00e3 desta quarta-feira (26) com a presidenta Dilma Rousseff, em Bras\u00edlia, para discutir as recentes manifesta\u00e7\u00f5es que tomaram as ruas do Brasil. \u00a0 Durante o encontro, ela enfatizou que n\u00e3o aprovar\u00e1 qualquer projeto sem que exista acordo entre trabalhadores, empregadores e governo, atendendo \u00e0 reivindica\u00e7\u00e3o das [&hellip;]<\/p>\n","protected":false},"author":1,"featured_media":0,"comment_status":"","ping_status":"","sticky":false,"template":"","format":"standard","meta":{"footnotes":""},"categories":[3],"tags":[],"class_list":["post-1155","post","type-post","status-publish","format-standard","hentry","category-noticias"],"_links":{"self":[{"href":"https:\/\/hostnetart.com.br\/baixada\/wp-json\/wp\/v2\/posts\/1155","targetHints":{"allow":["GET"]}}],"collection":[{"href":"https:\/\/hostnetart.com.br\/baixada\/wp-json\/wp\/v2\/posts"}],"about":[{"href":"https:\/\/hostnetart.com.br\/baixada\/wp-json\/wp\/v2\/types\/post"}],"author":[{"embeddable":true,"href":"https:\/\/hostnetart.com.br\/baixada\/wp-json\/wp\/v2\/users\/1"}],"replies":[{"embeddable":true,"href":"https:\/\/hostnetart.com.br\/baixada\/wp-json\/wp\/v2\/comments?post=1155"}],"version-history":[{"count":0,"href":"https:\/\/hostnetart.com.br\/baixada\/wp-json\/wp\/v2\/posts\/1155\/revisions"}],"wp:attachment":[{"href":"https:\/\/hostnetart.com.br\/baixada\/wp-json\/wp\/v2\/media?parent=1155"}],"wp:term":[{"taxonomy":"category","embeddable":true,"href":"https:\/\/hostnetart.com.br\/baixada\/wp-json\/wp\/v2\/categories?post=1155"},{"taxonomy":"post_tag","embeddable":true,"href":"https:\/\/hostnetart.com.br\/baixada\/wp-json\/wp\/v2\/tags?post=1155"}],"curies":[{"name":"wp","href":"https:\/\/api.w.org\/{rel}","templated":true}]}}